{"id":78549,"date":"2020-07-29T10:46:30","date_gmt":"2020-07-29T13:46:30","guid":{"rendered":"https:\/\/eldiariodesanpedro.com.ar\/sitio\/?p=78549"},"modified":"2020-07-29T10:46:33","modified_gmt":"2020-07-29T13:46:33","slug":"le-robaron-un-caballo-que-dejo-pastando","status":"publish","type":"post","link":"https:\/\/eldiariodesanpedro.com.ar\/sitio\/le-robaron-un-caballo-que-dejo-pastando\/","title":{"rendered":"Le robaron un caballo que dejo pastando"},"content":{"rendered":"<!-- VideographyWP Plugin Message: Automatic video embedding prevented by plugin options. -->\n\n<p>En la comisar\u00eda local de nuestra ciudad se recibi\u00f3 una denuncia por parte de una mujer de 34 a\u00f1os de edad quien manifiesta que autores ignorados sustraen un predio un caballo de su propiedad.<\/p>\n\n\n\n<p>Seg\u00fan la declaraciones de esta mujer el equino se encontraba pastando en un predio ubicado en calle Lucio Mansilla al 4000, al momento de ir a retirarlo del lugar descubre que \u00e9l mismo ya no se encontraba.<\/p>\n\n\n\n<p>Se realizar\u00e1n las correspondientes investigaciones por parte de la fiscal\u00eda local.<\/p>\n","protected":false},"excerpt":{"rendered":"<p>En la comisar\u00eda local de nuestra ciudad se recibi\u00f3 una denuncia por parte de una mujer de 34 a\u00f1os de edad quien manifiesta que autores ignorados sustraen un predio un caballo de su propiedad. Seg\u00fan la declaraciones de esta mujer el equino se encontraba pastando en un predio ubicado en calle Lucio Mansilla al 4000, [&hellip;]<\/p>\n","protected":false},"author":4,"featured_media":77602,"comment_status":"open","ping_status":"closed","sticky":false,"template":"","format":"standard","meta":{"om_disable_all_campaigns":false,"_jetpack_memberships_contains_paid_content":false,"footnotes":""},"categories":[2,103],"tags":[197,33,95,19],"class_list":["post-78549","post","type-post","status-publish","format-standard","has-post-thumbnail","hentry","category-locales","category-policiales-locales","tag-buenos-aires","tag-locales","tag-policiales","tag-san-pedro"],"aioseo_notices":[],"gutentor_comment":0,"jetpack_featured_media_url":"https:\/\/eldiariodesanpedro.com.ar\/sitio\/wp-content\/uploads\/2020\/07\/0-2-1.jpg","jetpack_shortlink":"https:\/\/wp.me\/p6RhLt-kqV","jetpack_sharing_enabled":true,"_links":{"self":[{"href":"https:\/\/eldiariodesanpedro.com.ar\/sitio\/wp-json\/wp\/v2\/posts\/78549","targetHints":{"allow":["GET"]}}],"collection":[{"href":"https:\/\/eldiariodesanpedro.com.ar\/sitio\/wp-json\/wp\/v2\/posts"}],"about":[{"href":"https:\/\/eldiariodesanpedro.com.ar\/sitio\/wp-json\/wp\/v2\/types\/post"}],"author":[{"embeddable":true,"href":"https:\/\/eldiariodesanpedro.com.ar\/sitio\/wp-json\/wp\/v2\/users\/4"}],"replies":[{"embeddable":true,"href":"https:\/\/eldiariodesanpedro.com.ar\/sitio\/wp-json\/wp\/v2\/comments?post=78549"}],"version-history":[{"count":1,"href":"https:\/\/eldiariodesanpedro.com.ar\/sitio\/wp-json\/wp\/v2\/posts\/78549\/revisions"}],"predecessor-version":[{"id":78550,"href":"https:\/\/eldiariodesanpedro.com.ar\/sitio\/wp-json\/wp\/v2\/posts\/78549\/revisions\/78550"}],"wp:featuredmedia":[{"embeddable":true,"href":"https:\/\/eldiariodesanpedro.com.ar\/sitio\/wp-json\/wp\/v2\/media\/77602"}],"wp:attachment":[{"href":"https:\/\/eldiariodesanpedro.com.ar\/sitio\/wp-json\/wp\/v2\/media?parent=78549"}],"wp:term":[{"taxonomy":"category","embeddable":true,"href":"https:\/\/eldiariodesanpedro.com.ar\/sitio\/wp-json\/wp\/v2\/categories?post=78549"},{"taxonomy":"post_tag","embeddable":true,"href":"https:\/\/eldiariodesanpedro.com.ar\/sitio\/wp-json\/wp\/v2\/tags?post=78549"}],"curies":[{"name":"wp","href":"https:\/\/api.w.org\/{rel}","templated":true}]}}