{"id":78547,"date":"2020-07-29T10:31:03","date_gmt":"2020-07-29T13:31:03","guid":{"rendered":"https:\/\/eldiariodesanpedro.com.ar\/sitio\/?p=78547"},"modified":"2020-07-29T11:05:36","modified_gmt":"2020-07-29T14:05:36","slug":"aprehension-por-tenencia-de-estupefacientes","status":"publish","type":"post","link":"https:\/\/eldiariodesanpedro.com.ar\/sitio\/aprehension-por-tenencia-de-estupefacientes\/","title":{"rendered":"Aprehensi\u00f3n por tenencia de estupefacientes"},"content":{"rendered":"<!-- VideographyWP Plugin Message: Automatic video embedding prevented by plugin options. -->\n\n<p>En la jornada de este martes en operativos de controles preventivos realizados por la polic\u00eda de nuestra ciudad se hacen presentes en la intersecci\u00f3n de las calles Mateo Sbert y G\u00fcemes donde un sujeto mayor de edad se encontraba en la v\u00eda p\u00fablica con dos envoltorios de nylon \u201cbochita\u201d de coca\u00ednas que al realizar el correspondiente pesaje es \u00ednfimo.<\/p>\n\n\n\n<p>El joven fue trasladado a la comisar\u00eda local donde se le realizan las actas correspondientes por violaci\u00f3n a la Ley N\u00ba 23737 y su posterior libertad.<\/p>\n\n\n\n<figure class=\"wp-block-image size-large\"><img decoding=\"async\" width=\"1024\" height=\"768\" data-attachment-id=\"78554\" data-permalink=\"https:\/\/eldiariodesanpedro.com.ar\/sitio\/aprehension-por-tenencia-de-estupefacientes\/whatsapp-image-2020-07-29-at-11-00-34\/\" data-orig-file=\"https:\/\/eldiariodesanpedro.com.ar\/sitio\/wp-content\/uploads\/2020\/07\/WhatsApp-Image-2020-07-29-at-11.00.34.jpeg\" data-orig-size=\"1280,960\" data-comments-opened=\"1\" data-image-meta=\"{&quot;aperture&quot;:&quot;0&quot;,&quot;credit&quot;:&quot;&quot;,&quot;camera&quot;:&quot;&quot;,&quot;caption&quot;:&quot;&quot;,&quot;created_timestamp&quot;:&quot;0&quot;,&quot;copyright&quot;:&quot;&quot;,&quot;focal_length&quot;:&quot;0&quot;,&quot;iso&quot;:&quot;0&quot;,&quot;shutter_speed&quot;:&quot;0&quot;,&quot;title&quot;:&quot;&quot;,&quot;orientation&quot;:&quot;0&quot;}\" data-image-title=\"WhatsApp Image 2020-07-29 at 11.00.34\" data-image-description=\"\" data-image-caption=\"\" data-large-file=\"https:\/\/eldiariodesanpedro.com.ar\/sitio\/wp-content\/uploads\/2020\/07\/WhatsApp-Image-2020-07-29-at-11.00.34-1024x768.jpeg\" data-src=\"https:\/\/eldiariodesanpedro.com.ar\/sitio\/wp-content\/uploads\/2020\/07\/WhatsApp-Image-2020-07-29-at-11.00.34-1024x768.jpeg\" alt=\"\" class=\"wp-image-78554 lazyload\" data-srcset=\"https:\/\/eldiariodesanpedro.com.ar\/sitio\/wp-content\/uploads\/2020\/07\/WhatsApp-Image-2020-07-29-at-11.00.34-1024x768.jpeg 1024w, https:\/\/eldiariodesanpedro.com.ar\/sitio\/wp-content\/uploads\/2020\/07\/WhatsApp-Image-2020-07-29-at-11.00.34-300x225.jpeg 300w, https:\/\/eldiariodesanpedro.com.ar\/sitio\/wp-content\/uploads\/2020\/07\/WhatsApp-Image-2020-07-29-at-11.00.34-768x576.jpeg 768w, https:\/\/eldiariodesanpedro.com.ar\/sitio\/wp-content\/uploads\/2020\/07\/WhatsApp-Image-2020-07-29-at-11.00.34-500x375.jpeg 500w, https:\/\/eldiariodesanpedro.com.ar\/sitio\/wp-content\/uploads\/2020\/07\/WhatsApp-Image-2020-07-29-at-11.00.34.jpeg 1280w\" data-sizes=\"(max-width: 1024px) 100vw, 1024px\" src=\"data:image\/svg+xml;base64,PHN2ZyB3aWR0aD0iMSIgaGVpZ2h0PSIxIiB4bWxucz0iaHR0cDovL3d3dy53My5vcmcvMjAwMC9zdmciPjwvc3ZnPg==\" style=\"--smush-placeholder-width: 1024px; --smush-placeholder-aspect-ratio: 1024\/768;\" \/><\/figure>\n\n\n\n<figure class=\"wp-block-image size-large\"><img decoding=\"async\" width=\"1024\" height=\"768\" data-attachment-id=\"78553\" data-permalink=\"https:\/\/eldiariodesanpedro.com.ar\/sitio\/aprehension-por-tenencia-de-estupefacientes\/whatsapp-image-2020-07-29-at-11-00-34-1\/\" data-orig-file=\"https:\/\/eldiariodesanpedro.com.ar\/sitio\/wp-content\/uploads\/2020\/07\/WhatsApp-Image-2020-07-29-at-11.00.34-1.jpeg\" data-orig-size=\"1280,960\" data-comments-opened=\"1\" data-image-meta=\"{&quot;aperture&quot;:&quot;0&quot;,&quot;credit&quot;:&quot;&quot;,&quot;camera&quot;:&quot;&quot;,&quot;caption&quot;:&quot;&quot;,&quot;created_timestamp&quot;:&quot;0&quot;,&quot;copyright&quot;:&quot;&quot;,&quot;focal_length&quot;:&quot;0&quot;,&quot;iso&quot;:&quot;0&quot;,&quot;shutter_speed&quot;:&quot;0&quot;,&quot;title&quot;:&quot;&quot;,&quot;orientation&quot;:&quot;0&quot;}\" data-image-title=\"WhatsApp Image 2020-07-29 at 11.00.34 (1)\" data-image-description=\"\" data-image-caption=\"\" data-large-file=\"https:\/\/eldiariodesanpedro.com.ar\/sitio\/wp-content\/uploads\/2020\/07\/WhatsApp-Image-2020-07-29-at-11.00.34-1-1024x768.jpeg\" data-src=\"https:\/\/eldiariodesanpedro.com.ar\/sitio\/wp-content\/uploads\/2020\/07\/WhatsApp-Image-2020-07-29-at-11.00.34-1-1024x768.jpeg\" alt=\"\" class=\"wp-image-78553 lazyload\" data-srcset=\"https:\/\/eldiariodesanpedro.com.ar\/sitio\/wp-content\/uploads\/2020\/07\/WhatsApp-Image-2020-07-29-at-11.00.34-1-1024x768.jpeg 1024w, https:\/\/eldiariodesanpedro.com.ar\/sitio\/wp-content\/uploads\/2020\/07\/WhatsApp-Image-2020-07-29-at-11.00.34-1-300x225.jpeg 300w, https:\/\/eldiariodesanpedro.com.ar\/sitio\/wp-content\/uploads\/2020\/07\/WhatsApp-Image-2020-07-29-at-11.00.34-1-768x576.jpeg 768w, https:\/\/eldiariodesanpedro.com.ar\/sitio\/wp-content\/uploads\/2020\/07\/WhatsApp-Image-2020-07-29-at-11.00.34-1-500x375.jpeg 500w, https:\/\/eldiariodesanpedro.com.ar\/sitio\/wp-content\/uploads\/2020\/07\/WhatsApp-Image-2020-07-29-at-11.00.34-1.jpeg 1280w\" data-sizes=\"(max-width: 1024px) 100vw, 1024px\" src=\"data:image\/svg+xml;base64,PHN2ZyB3aWR0aD0iMSIgaGVpZ2h0PSIxIiB4bWxucz0iaHR0cDovL3d3dy53My5vcmcvMjAwMC9zdmciPjwvc3ZnPg==\" style=\"--smush-placeholder-width: 1024px; --smush-placeholder-aspect-ratio: 1024\/768;\" \/><\/figure>\n","protected":false},"excerpt":{"rendered":"<p>En la jornada de este martes en operativos de controles preventivos realizados por la polic\u00eda de nuestra ciudad se hacen presentes en la intersecci\u00f3n de las calles Mateo Sbert y G\u00fcemes donde un sujeto mayor de edad se encontraba en la v\u00eda p\u00fablica con dos envoltorios de nylon \u201cbochita\u201d de coca\u00ednas que al realizar el [&hellip;]<\/p>\n","protected":false},"author":4,"featured_media":77910,"comment_status":"open","ping_status":"closed","sticky":false,"template":"","format":"standard","meta":{"om_disable_all_campaigns":false,"_jetpack_memberships_contains_paid_content":false,"footnotes":""},"categories":[2,103],"tags":[197,1328,33,95],"class_list":["post-78547","post","type-post","status-publish","format-standard","has-post-thumbnail","hentry","category-locales","category-policiales-locales","tag-buenos-aires","tag-estupefacientes","tag-locales","tag-policiales"],"aioseo_notices":[],"gutentor_comment":0,"jetpack_featured_media_url":"https:\/\/eldiariodesanpedro.com.ar\/sitio\/wp-content\/uploads\/2020\/07\/no_ssowqejple3k931nop1c56465t83uu31kc3o1tm219bh1_1_.jpg","jetpack_shortlink":"https:\/\/wp.me\/p6RhLt-kqT","jetpack_sharing_enabled":true,"_links":{"self":[{"href":"https:\/\/eldiariodesanpedro.com.ar\/sitio\/wp-json\/wp\/v2\/posts\/78547","targetHints":{"allow":["GET"]}}],"collection":[{"href":"https:\/\/eldiariodesanpedro.com.ar\/sitio\/wp-json\/wp\/v2\/posts"}],"about":[{"href":"https:\/\/eldiariodesanpedro.com.ar\/sitio\/wp-json\/wp\/v2\/types\/post"}],"author":[{"embeddable":true,"href":"https:\/\/eldiariodesanpedro.com.ar\/sitio\/wp-json\/wp\/v2\/users\/4"}],"replies":[{"embeddable":true,"href":"https:\/\/eldiariodesanpedro.com.ar\/sitio\/wp-json\/wp\/v2\/comments?post=78547"}],"version-history":[{"count":2,"href":"https:\/\/eldiariodesanpedro.com.ar\/sitio\/wp-json\/wp\/v2\/posts\/78547\/revisions"}],"predecessor-version":[{"id":78556,"href":"https:\/\/eldiariodesanpedro.com.ar\/sitio\/wp-json\/wp\/v2\/posts\/78547\/revisions\/78556"}],"wp:featuredmedia":[{"embeddable":true,"href":"https:\/\/eldiariodesanpedro.com.ar\/sitio\/wp-json\/wp\/v2\/media\/77910"}],"wp:attachment":[{"href":"https:\/\/eldiariodesanpedro.com.ar\/sitio\/wp-json\/wp\/v2\/media?parent=78547"}],"wp:term":[{"taxonomy":"category","embeddable":true,"href":"https:\/\/eldiariodesanpedro.com.ar\/sitio\/wp-json\/wp\/v2\/categories?post=78547"},{"taxonomy":"post_tag","embeddable":true,"href":"https:\/\/eldiariodesanpedro.com.ar\/sitio\/wp-json\/wp\/v2\/tags?post=78547"}],"curies":[{"name":"wp","href":"https:\/\/api.w.org\/{rel}","templated":true}]}}