{"id":78476,"date":"2020-07-27T13:01:37","date_gmt":"2020-07-27T16:01:37","guid":{"rendered":"https:\/\/eldiariodesanpedro.com.ar\/sitio\/?p=78476"},"modified":"2020-07-27T13:02:17","modified_gmt":"2020-07-27T16:02:17","slug":"ramallo-covid-19-confirman-4-positivos-mas-y-ya-son-10","status":"publish","type":"post","link":"https:\/\/eldiariodesanpedro.com.ar\/sitio\/ramallo-covid-19-confirman-4-positivos-mas-y-ya-son-10\/","title":{"rendered":"RAMALLO | Covid-19: confirman 4 positivos m\u00e1s y ya son 10"},"content":{"rendered":"<!-- VideographyWP Plugin Message: Automatic video embedding prevented by plugin options. -->\n\n<p>La actualizaci\u00f3n de la situaci\u00f3n epidemiol\u00f3gica en el Partido de Ramallo indica que se han sumado 4 casos positivos m\u00e1s quedando el mapa de la siguiente manera:<br>\u2013 Diez casos positivos (ocho activos y dos recuperados)<br>-Cinco casos en estudio.<br>\u2013 Treinta y ocho casos negativos.<\/p>\n\n\n\n<p>CASOS POSITIVOS<br>\u2013 Familia: hombre de 40 a\u00f1os que tuvo s\u00edntomas respiratorios y viaj\u00f3 a Amba hace d\u00edas; mujer de 30 a\u00f1os que tambi\u00e9n presenta los mismos s\u00edntomas y p\u00e9rdida de olfato; hijo de 1 y de 12 a\u00f1os respectivamente que tuvieron fiebre.<br>Se encuentran en aislamiento domiciliario en Villa Ramallo.<\/p>\n\n\n\n<p>CASOS EN ESTUDIO<br>-Pareja: Hombre de 33 a\u00f1os que trabaja en Prefectura en Tigre y presenta fiebre, dolor de garganta y p\u00e9rdida de olfato. Tambi\u00e9n su esposa de 39 a\u00f1os que posee cefalea y fiebre. Ambos se encuentran en aislamiento domiciliario en Villa Ramallo.<br>-Hombre de 31 a\u00f1os que viaj\u00f3 por trabajo a zona de circulaci\u00f3n comunitaria y presenta dolor de garganta y fiebre. Se encuentra en aislamiento domiciliario en Ramallo junto a su pareja.<br>-Hombre de 31 a\u00f1os que tuvo contacto laboral estrecho con caso COVID-19 positivo en zona de circulaci\u00f3n comunitaria. Presenta fiebre y dolor de garganta.<br>Se encuentra en aislamiento domiciliario en Ramallo junto a su pareja.<\/p>\n\n\n\n<p>Nuevo hisopado:<br>Hoy se hisop\u00f3 a personal de salud femenino de 40 a\u00f1os con dolor de garganta y tos. Estuvo en contacto con caso COVID-19 positivo. Se encuentra en aislamiento domiciliario en Ramallo.<\/p>\n\n\n\n<p>IMPORTANTE<br>Desde la Regi\u00f3n Sanitaria IV de la Provincia de Buenos Aires, informan que los<br>resultados pueden demorar 96 horas debido a la cantidad de muestras recibidas.<\/p>\n\n\n\n<p>Fuente: <a href=\"https:\/\/www.ramalloinforma.com.ar\/interes-general\/covid-19-confirman-4-positivos-mas-en-ramallo\/\">Ramallo Informa<\/a><\/p>\n","protected":false},"excerpt":{"rendered":"<p>La actualizaci\u00f3n de la situaci\u00f3n epidemiol\u00f3gica en el Partido de Ramallo indica que se han sumado 4 casos positivos m\u00e1s quedando el mapa de la siguiente manera:\u2013 Diez casos positivos (ocho activos y dos recuperados)-Cinco casos en estudio.\u2013 Treinta y ocho casos negativos. CASOS POSITIVOS\u2013 Familia: hombre de 40 a\u00f1os que tuvo s\u00edntomas respiratorios y [&hellip;]<\/p>\n","protected":false},"author":4,"featured_media":77271,"comment_status":"open","ping_status":"closed","sticky":false,"template":"","format":"standard","meta":{"om_disable_all_campaigns":false,"_jetpack_memberships_contains_paid_content":false,"footnotes":""},"categories":[621],"tags":[197,808,813,347,681],"class_list":["post-78476","post","type-post","status-publish","format-standard","has-post-thumbnail","hentry","category-regionales","tag-buenos-aires","tag-coronavirus","tag-covid-19","tag-ramallo","tag-regionales"],"aioseo_notices":[],"gutentor_comment":0,"jetpack_featured_media_url":"https:\/\/eldiariodesanpedro.com.ar\/sitio\/wp-content\/uploads\/2020\/07\/f800x450-23472_74918_0.jpg","jetpack_shortlink":"https:\/\/wp.me\/p6RhLt-kpK","jetpack_sharing_enabled":true,"_links":{"self":[{"href":"https:\/\/eldiariodesanpedro.com.ar\/sitio\/wp-json\/wp\/v2\/posts\/78476","targetHints":{"allow":["GET"]}}],"collection":[{"href":"https:\/\/eldiariodesanpedro.com.ar\/sitio\/wp-json\/wp\/v2\/posts"}],"about":[{"href":"https:\/\/eldiariodesanpedro.com.ar\/sitio\/wp-json\/wp\/v2\/types\/post"}],"author":[{"embeddable":true,"href":"https:\/\/eldiariodesanpedro.com.ar\/sitio\/wp-json\/wp\/v2\/users\/4"}],"replies":[{"embeddable":true,"href":"https:\/\/eldiariodesanpedro.com.ar\/sitio\/wp-json\/wp\/v2\/comments?post=78476"}],"version-history":[{"count":2,"href":"https:\/\/eldiariodesanpedro.com.ar\/sitio\/wp-json\/wp\/v2\/posts\/78476\/revisions"}],"predecessor-version":[{"id":78478,"href":"https:\/\/eldiariodesanpedro.com.ar\/sitio\/wp-json\/wp\/v2\/posts\/78476\/revisions\/78478"}],"wp:featuredmedia":[{"embeddable":true,"href":"https:\/\/eldiariodesanpedro.com.ar\/sitio\/wp-json\/wp\/v2\/media\/77271"}],"wp:attachment":[{"href":"https:\/\/eldiariodesanpedro.com.ar\/sitio\/wp-json\/wp\/v2\/media?parent=78476"}],"wp:term":[{"taxonomy":"category","embeddable":true,"href":"https:\/\/eldiariodesanpedro.com.ar\/sitio\/wp-json\/wp\/v2\/categories?post=78476"},{"taxonomy":"post_tag","embeddable":true,"href":"https:\/\/eldiariodesanpedro.com.ar\/sitio\/wp-json\/wp\/v2\/tags?post=78476"}],"curies":[{"name":"wp","href":"https:\/\/api.w.org\/{rel}","templated":true}]}}