{"id":78467,"date":"2020-07-27T12:50:52","date_gmt":"2020-07-27T15:50:52","guid":{"rendered":"https:\/\/eldiariodesanpedro.com.ar\/sitio\/?p=78467"},"modified":"2020-07-27T12:50:56","modified_gmt":"2020-07-27T15:50:56","slug":"campana-choca-un-movil-policial-en-plena-persecucion","status":"publish","type":"post","link":"https:\/\/eldiariodesanpedro.com.ar\/sitio\/campana-choca-un-movil-policial-en-plena-persecucion\/","title":{"rendered":"CAMPANA | Choca un m\u00f3vil policial en plena persecuci\u00f3n"},"content":{"rendered":"<!-- VideographyWP Plugin Message: Automatic video embedding prevented by plugin options. -->\n\n<p>Ocurri\u00f3 sobre la Ruta 4. El veh\u00edculo civil no quiso detenerse y oblig\u00f3 a los efectivos a perseguirlo, y terminaron colisionando entre s\u00ed. Al ser identificado, el conductor en fuga justific\u00f3 su accionar por \u201chaberse asustado\u201d.<\/p>\n\n\n\n<p>Debido a los hechos de inseguridad en la zona, el Destacamento Policial Alto Los C\u00e1rdales se encuentra en alerta y en plena organizaci\u00f3n de operativos preventivos.<\/p>\n\n\n\n<p>En este sentido, anoche, efectivos intentaron identificar a un veh\u00edculo en la zona de Ruta 4 y Panamericana, pero el conductor del rodado rehus\u00f3 a detenerse y emprendi\u00f3 la fuga.<\/p>\n\n\n\n<p>Fue entonces cuando se produjo una persecuci\u00f3n, y a la altura del ingreso al barrio Monet, patrullero y autom\u00f3vil particular terminaron colisionando.<\/p>\n\n\n\n<p>Por fortuna, no hubo que lamentar heridos. Seg\u00fan relataron fuentes del caso, al identificar al automovilista pr\u00f3fugo, \u00e9ste justific\u00f3 su accionar por \u201chaberse asustado\u201d.<\/p>\n\n\n\n<p>Fuente: <a href=\"https:\/\/www.campananoticias.com\/noticia\/62264\/choca-un-mvil-policial-en-plena-persecucin\">Campana Noticias<\/a><\/p>\n\n\n\n<figure class=\"wp-block-image size-large\"><img decoding=\"async\" width=\"910\" height=\"546\" data-attachment-id=\"78468\" data-permalink=\"https:\/\/eldiariodesanpedro.com.ar\/sitio\/campana-choca-un-movil-policial-en-plena-persecucion\/attachment\/20200726082331\/\" data-orig-file=\"https:\/\/eldiariodesanpedro.com.ar\/sitio\/wp-content\/uploads\/2020\/07\/20200726082331.jpeg\" data-orig-size=\"910,546\" data-comments-opened=\"1\" data-image-meta=\"{&quot;aperture&quot;:&quot;0&quot;,&quot;credit&quot;:&quot;&quot;,&quot;camera&quot;:&quot;&quot;,&quot;caption&quot;:&quot;&quot;,&quot;created_timestamp&quot;:&quot;0&quot;,&quot;copyright&quot;:&quot;&quot;,&quot;focal_length&quot;:&quot;0&quot;,&quot;iso&quot;:&quot;0&quot;,&quot;shutter_speed&quot;:&quot;0&quot;,&quot;title&quot;:&quot;&quot;,&quot;orientation&quot;:&quot;0&quot;}\" data-image-title=\"20200726082331\" data-image-description=\"\" data-image-caption=\"\" data-large-file=\"https:\/\/eldiariodesanpedro.com.ar\/sitio\/wp-content\/uploads\/2020\/07\/20200726082331.jpeg\" data-src=\"https:\/\/eldiariodesanpedro.com.ar\/sitio\/wp-content\/uploads\/2020\/07\/20200726082331.jpeg\" alt=\"\" class=\"wp-image-78468 lazyload\" data-srcset=\"https:\/\/eldiariodesanpedro.com.ar\/sitio\/wp-content\/uploads\/2020\/07\/20200726082331.jpeg 910w, https:\/\/eldiariodesanpedro.com.ar\/sitio\/wp-content\/uploads\/2020\/07\/20200726082331-300x180.jpeg 300w, https:\/\/eldiariodesanpedro.com.ar\/sitio\/wp-content\/uploads\/2020\/07\/20200726082331-768x461.jpeg 768w\" data-sizes=\"(max-width: 910px) 100vw, 910px\" src=\"data:image\/svg+xml;base64,PHN2ZyB3aWR0aD0iMSIgaGVpZ2h0PSIxIiB4bWxucz0iaHR0cDovL3d3dy53My5vcmcvMjAwMC9zdmciPjwvc3ZnPg==\" style=\"--smush-placeholder-width: 910px; --smush-placeholder-aspect-ratio: 910\/546;\" \/><\/figure>\n","protected":false},"excerpt":{"rendered":"<p>Ocurri\u00f3 sobre la Ruta 4. El veh\u00edculo civil no quiso detenerse y oblig\u00f3 a los efectivos a perseguirlo, y terminaron colisionando entre s\u00ed. Al ser identificado, el conductor en fuga justific\u00f3 su accionar por \u201chaberse asustado\u201d. Debido a los hechos de inseguridad en la zona, el Destacamento Policial Alto Los C\u00e1rdales se encuentra en alerta [&hellip;]<\/p>\n","protected":false},"author":4,"featured_media":78468,"comment_status":"open","ping_status":"closed","sticky":false,"template":"","format":"standard","meta":{"om_disable_all_campaigns":false,"_jetpack_memberships_contains_paid_content":false,"footnotes":""},"categories":[621],"tags":[197,686,95,681],"class_list":["post-78467","post","type-post","status-publish","format-standard","has-post-thumbnail","hentry","category-regionales","tag-buenos-aires","tag-campana-2","tag-policiales","tag-regionales"],"aioseo_notices":[],"gutentor_comment":0,"jetpack_featured_media_url":"https:\/\/eldiariodesanpedro.com.ar\/sitio\/wp-content\/uploads\/2020\/07\/20200726082331.jpeg","jetpack_shortlink":"https:\/\/wp.me\/p6RhLt-kpB","jetpack_sharing_enabled":true,"_links":{"self":[{"href":"https:\/\/eldiariodesanpedro.com.ar\/sitio\/wp-json\/wp\/v2\/posts\/78467","targetHints":{"allow":["GET"]}}],"collection":[{"href":"https:\/\/eldiariodesanpedro.com.ar\/sitio\/wp-json\/wp\/v2\/posts"}],"about":[{"href":"https:\/\/eldiariodesanpedro.com.ar\/sitio\/wp-json\/wp\/v2\/types\/post"}],"author":[{"embeddable":true,"href":"https:\/\/eldiariodesanpedro.com.ar\/sitio\/wp-json\/wp\/v2\/users\/4"}],"replies":[{"embeddable":true,"href":"https:\/\/eldiariodesanpedro.com.ar\/sitio\/wp-json\/wp\/v2\/comments?post=78467"}],"version-history":[{"count":1,"href":"https:\/\/eldiariodesanpedro.com.ar\/sitio\/wp-json\/wp\/v2\/posts\/78467\/revisions"}],"predecessor-version":[{"id":78470,"href":"https:\/\/eldiariodesanpedro.com.ar\/sitio\/wp-json\/wp\/v2\/posts\/78467\/revisions\/78470"}],"wp:featuredmedia":[{"embeddable":true,"href":"https:\/\/eldiariodesanpedro.com.ar\/sitio\/wp-json\/wp\/v2\/media\/78468"}],"wp:attachment":[{"href":"https:\/\/eldiariodesanpedro.com.ar\/sitio\/wp-json\/wp\/v2\/media?parent=78467"}],"wp:term":[{"taxonomy":"category","embeddable":true,"href":"https:\/\/eldiariodesanpedro.com.ar\/sitio\/wp-json\/wp\/v2\/categories?post=78467"},{"taxonomy":"post_tag","embeddable":true,"href":"https:\/\/eldiariodesanpedro.com.ar\/sitio\/wp-json\/wp\/v2\/tags?post=78467"}],"curies":[{"name":"wp","href":"https:\/\/api.w.org\/{rel}","templated":true}]}}