{"id":78461,"date":"2020-07-27T12:42:42","date_gmt":"2020-07-27T15:42:42","guid":{"rendered":"https:\/\/eldiariodesanpedro.com.ar\/sitio\/?p=78461"},"modified":"2020-07-27T12:42:45","modified_gmt":"2020-07-27T15:42:45","slug":"zarate-le-dispararon-a-quemarropa-una-chica-para-robarle-la-cartera","status":"publish","type":"post","link":"https:\/\/eldiariodesanpedro.com.ar\/sitio\/zarate-le-dispararon-a-quemarropa-una-chica-para-robarle-la-cartera\/","title":{"rendered":"Z\u00c1RATE | Le dispararon a quemarropa una chica para robarle la cartera"},"content":{"rendered":"<!-- VideographyWP Plugin Message: Automatic video embedding prevented by plugin options. -->\n\n<p>Una joven de 18 a\u00f1os fue herida gravemente de bala en el est\u00f3mago por un ladr\u00f3n que le rob\u00f3 una cartera y se dio a la fuga.<\/p>\n\n\n\n<p>Los voceros del departamento judicial de Z\u00e1rate \u2013 Campana dijeron a&nbsp;<strong><em>Cronica&nbsp;<\/em><\/strong>que la v\u00edctima, identificada &nbsp;fue interceptada con fines de robo por el delincuente mientras se encontraba en las cercan\u00edas de Bosch y Saavedra, a la altura del kil\u00f3metro 81 de la Ruta 6.<\/p>\n\n\n\n<p>Trascendi\u00f3 que el hamp\u00f3n portaba un arma de fuego y quiso apoderarse de una cartera que llevaba la muchacha, quien opuso resistencia, origin\u00e1ndose un fuerte&nbsp;forcejeo.<\/p>\n\n\n\n<p>Seg\u00fan agregaron los informantes, el ladr\u00f3n le efectu\u00f3 un disparo en el est\u00f3mago a la joven, y luego de sustraerle la cartera, en cuyo interior hab\u00eda documentaci\u00f3n, escap\u00f3.<\/p>\n\n\n\n<p>Momentos despu\u00e9s, la v\u00edctima del il\u00edcito tuvo que ser trasladada&nbsp;de urgencia&nbsp;al Hospital Virgen del Carmen, en esa misma zona, donde fue operada por los m\u00e9dicos del nosocomio.<\/p>\n\n\n\n<p>Trascendi\u00f3 que el hamp\u00f3n portaba un arma de fuego y quiso apoderarse de una cartera que llevaba la muchacha, quien opuso resistencia, origin\u00e1ndose un fuerte&nbsp;forcejeo.<\/p>\n\n\n\n<p>Seg\u00fan agregaron los informantes, el ladr\u00f3n&nbsp;le efectu\u00f3 un disparo en el est\u00f3mago a la joven, y luego de sustraerle la cartera, en cuyo interior hab\u00eda documentaci\u00f3n, escap\u00f3&nbsp;la carrera.<\/p>\n\n\n\n<p>Momentos despu\u00e9s, la v\u00edctima del il\u00edcito tuvo que ser trasladada\u00a0de urgencia\u00a0al Hospital Virgen del Carmen, en esa misma zona, donde fue operada por los m\u00e9dicos del nosocomio.<\/p>\n\n\n\n<p>Fuente: <a href=\"https:\/\/impactolocal.com.ar\/2020\/07\/27\/le-dispararon-a-quemarroopa-una-chica-para-robarle-la-cartera\/\">Impacto Local<\/a><\/p>\n","protected":false},"excerpt":{"rendered":"<p>Una joven de 18 a\u00f1os fue herida gravemente de bala en el est\u00f3mago por un ladr\u00f3n que le rob\u00f3 una cartera y se dio a la fuga. Los voceros del departamento judicial de Z\u00e1rate \u2013 Campana dijeron a&nbsp;Cronica&nbsp;que la v\u00edctima, identificada &nbsp;fue interceptada con fines de robo por el delincuente mientras se encontraba en las [&hellip;]<\/p>\n","protected":false},"author":4,"featured_media":78462,"comment_status":"open","ping_status":"closed","sticky":false,"template":"","format":"standard","meta":{"om_disable_all_campaigns":false,"_jetpack_memberships_contains_paid_content":false,"footnotes":""},"categories":[621],"tags":[197,95,681,707],"class_list":["post-78461","post","type-post","status-publish","format-standard","has-post-thumbnail","hentry","category-regionales","tag-buenos-aires","tag-policiales","tag-regionales","tag-zarate"],"aioseo_notices":[],"gutentor_comment":0,"jetpack_featured_media_url":"https:\/\/eldiariodesanpedro.com.ar\/sitio\/wp-content\/uploads\/2020\/07\/patrullero-ruta-696x392-1.jpg","jetpack_shortlink":"https:\/\/wp.me\/p6RhLt-kpv","jetpack_sharing_enabled":true,"_links":{"self":[{"href":"https:\/\/eldiariodesanpedro.com.ar\/sitio\/wp-json\/wp\/v2\/posts\/78461","targetHints":{"allow":["GET"]}}],"collection":[{"href":"https:\/\/eldiariodesanpedro.com.ar\/sitio\/wp-json\/wp\/v2\/posts"}],"about":[{"href":"https:\/\/eldiariodesanpedro.com.ar\/sitio\/wp-json\/wp\/v2\/types\/post"}],"author":[{"embeddable":true,"href":"https:\/\/eldiariodesanpedro.com.ar\/sitio\/wp-json\/wp\/v2\/users\/4"}],"replies":[{"embeddable":true,"href":"https:\/\/eldiariodesanpedro.com.ar\/sitio\/wp-json\/wp\/v2\/comments?post=78461"}],"version-history":[{"count":1,"href":"https:\/\/eldiariodesanpedro.com.ar\/sitio\/wp-json\/wp\/v2\/posts\/78461\/revisions"}],"predecessor-version":[{"id":78463,"href":"https:\/\/eldiariodesanpedro.com.ar\/sitio\/wp-json\/wp\/v2\/posts\/78461\/revisions\/78463"}],"wp:featuredmedia":[{"embeddable":true,"href":"https:\/\/eldiariodesanpedro.com.ar\/sitio\/wp-json\/wp\/v2\/media\/78462"}],"wp:attachment":[{"href":"https:\/\/eldiariodesanpedro.com.ar\/sitio\/wp-json\/wp\/v2\/media?parent=78461"}],"wp:term":[{"taxonomy":"category","embeddable":true,"href":"https:\/\/eldiariodesanpedro.com.ar\/sitio\/wp-json\/wp\/v2\/categories?post=78461"},{"taxonomy":"post_tag","embeddable":true,"href":"https:\/\/eldiariodesanpedro.com.ar\/sitio\/wp-json\/wp\/v2\/tags?post=78461"}],"curies":[{"name":"wp","href":"https:\/\/api.w.org\/{rel}","templated":true}]}}