{"id":78458,"date":"2020-07-27T12:40:12","date_gmt":"2020-07-27T15:40:12","guid":{"rendered":"https:\/\/eldiariodesanpedro.com.ar\/sitio\/?p=78458"},"modified":"2020-07-27T12:40:16","modified_gmt":"2020-07-27T15:40:16","slug":"arrecifes-la-vecina-localidad-volvio-a-fase-4-tras-el-brote-de-coronavirus","status":"publish","type":"post","link":"https:\/\/eldiariodesanpedro.com.ar\/sitio\/arrecifes-la-vecina-localidad-volvio-a-fase-4-tras-el-brote-de-coronavirus\/","title":{"rendered":"ARRECIFES | La vecina localidad volvi\u00f3 a Fase 4 tras el brote de coronavirus"},"content":{"rendered":"<!-- VideographyWP Plugin Message: Automatic video embedding prevented by plugin options. -->\n\n<p>La Municipalidad de Arrecifes informa que el d\u00eda s\u00e1bado 25 de julio, el Jefe de Gabinete de Ministros de la Provincia de Buenos Aires, Lic. Carlos Bianco, se comunic\u00f3 telef\u00f3nicamente con el Intendente Javier Olaeta, y ambos acordaron que a partir de hoy lunes 27, tras los \u00faltimos casos registrados en nuestra ciudad, Arrecifes ingrese en la Fase 4 del Sistema de Aislamiento Social, Preventivo y Obligatorio dispuesto por las autoridades bonaerenses.<\/p>\n\n\n\n<p>Esta medida fue publicada hoy por el Gobierno de la Provincia a trav\u00e9s del Bolet\u00edn Oficial.<\/p>\n\n\n\n<p>En Fase 4 est\u00e1 permitido:<br>.- Actividades de esparcimiento<br>.- Locales gastron\u00f3micos<br>.- Actividades religiosas<\/p>\n\n\n\n<p>En Fase 4 NO EST\u00c1 PERMITIDO<br>.- Gimnasios<br>.- Actividades deportivas<br>.- Reuniones sociales<\/p>\n\n\n\n<p>Fuente: <a href=\"https:\/\/arrecifesnoticias.com\/sociedad\/arrecifes-volvio-a-fase-4\/\">Arrecifes noticias<\/a><\/p>\n","protected":false},"excerpt":{"rendered":"<p>La Municipalidad de Arrecifes informa que el d\u00eda s\u00e1bado 25 de julio, el Jefe de Gabinete de Ministros de la Provincia de Buenos Aires, Lic. Carlos Bianco, se comunic\u00f3 telef\u00f3nicamente con el Intendente Javier Olaeta, y ambos acordaron que a partir de hoy lunes 27, tras los \u00faltimos casos registrados en nuestra ciudad, Arrecifes ingrese [&hellip;]<\/p>\n","protected":false},"author":4,"featured_media":78459,"comment_status":"open","ping_status":"closed","sticky":false,"template":"","format":"standard","meta":{"om_disable_all_campaigns":false,"_jetpack_memberships_contains_paid_content":false,"footnotes":""},"categories":[621],"tags":[640,197,808,1406,681],"class_list":["post-78458","post","type-post","status-publish","format-standard","has-post-thumbnail","hentry","category-regionales","tag-arrecifes","tag-buenos-aires","tag-coronavirus","tag-fase-4","tag-regionales"],"aioseo_notices":[],"gutentor_comment":0,"jetpack_featured_media_url":"https:\/\/eldiariodesanpedro.com.ar\/sitio\/wp-content\/uploads\/2020\/07\/Control-barbijos-778x510-1.jpg","jetpack_shortlink":"https:\/\/wp.me\/p6RhLt-kps","jetpack_sharing_enabled":true,"_links":{"self":[{"href":"https:\/\/eldiariodesanpedro.com.ar\/sitio\/wp-json\/wp\/v2\/posts\/78458","targetHints":{"allow":["GET"]}}],"collection":[{"href":"https:\/\/eldiariodesanpedro.com.ar\/sitio\/wp-json\/wp\/v2\/posts"}],"about":[{"href":"https:\/\/eldiariodesanpedro.com.ar\/sitio\/wp-json\/wp\/v2\/types\/post"}],"author":[{"embeddable":true,"href":"https:\/\/eldiariodesanpedro.com.ar\/sitio\/wp-json\/wp\/v2\/users\/4"}],"replies":[{"embeddable":true,"href":"https:\/\/eldiariodesanpedro.com.ar\/sitio\/wp-json\/wp\/v2\/comments?post=78458"}],"version-history":[{"count":1,"href":"https:\/\/eldiariodesanpedro.com.ar\/sitio\/wp-json\/wp\/v2\/posts\/78458\/revisions"}],"predecessor-version":[{"id":78460,"href":"https:\/\/eldiariodesanpedro.com.ar\/sitio\/wp-json\/wp\/v2\/posts\/78458\/revisions\/78460"}],"wp:featuredmedia":[{"embeddable":true,"href":"https:\/\/eldiariodesanpedro.com.ar\/sitio\/wp-json\/wp\/v2\/media\/78459"}],"wp:attachment":[{"href":"https:\/\/eldiariodesanpedro.com.ar\/sitio\/wp-json\/wp\/v2\/media?parent=78458"}],"wp:term":[{"taxonomy":"category","embeddable":true,"href":"https:\/\/eldiariodesanpedro.com.ar\/sitio\/wp-json\/wp\/v2\/categories?post=78458"},{"taxonomy":"post_tag","embeddable":true,"href":"https:\/\/eldiariodesanpedro.com.ar\/sitio\/wp-json\/wp\/v2\/tags?post=78458"}],"curies":[{"name":"wp","href":"https:\/\/api.w.org\/{rel}","templated":true}]}}