{"id":78454,"date":"2020-07-27T11:10:50","date_gmt":"2020-07-27T14:10:50","guid":{"rendered":"https:\/\/eldiariodesanpedro.com.ar\/sitio\/?p=78454"},"modified":"2020-07-27T12:23:29","modified_gmt":"2020-07-27T15:23:29","slug":"se-continuan-los-trabajos-para-la-nueva-playa-publica-en-vuelta-de-obligado","status":"publish","type":"post","link":"https:\/\/eldiariodesanpedro.com.ar\/sitio\/se-continuan-los-trabajos-para-la-nueva-playa-publica-en-vuelta-de-obligado\/","title":{"rendered":"Se contin\u00faan los trabajos para la nueva playa publica en Vuelta de Obligado"},"content":{"rendered":"<!-- VideographyWP Plugin Message: Automatic video embedding prevented by plugin options. -->\n\n<p>Ser\u00eda reavivar aquellas inolvidables temporadas donde la playa de la localidad recib\u00eda a miles de turista. El proyecto fue bien recibido por vecinos, emprendedores y pescadores.<\/p>\n\n\n\n<p>La misma se espera ser terminada e inaugurada para la pr\u00f3xima temporada estival, siempre y cuando la situaci\u00f3n con la pandemia mejore.<\/p>\n\n\n\n<p>Si bien el propio Intendente Municipal Cecilio Salazar ya lo hab\u00eda comentado en una de las \u00faltimas conferencias de prensa que particip\u00f3 d\u00edas atr\u00e1s, fueron los representantes de distintas \u00e1reas quienes se reunieron con vecinos, comerciantes y pescadores de Vuelta de Obligado, para explicarles de qu\u00e9 se trata el proyecto de playa p\u00fablica que se pretende desarrollar en el lugar.<\/p>\n\n\n\n<p>En realidad la propuesta no ser\u00eda ni m\u00e1s ni menos que darle vida al mismo lugar que durante muchos a\u00f1os fue uno de los puntos m\u00e1s elegidos para aprovechar del verano pero que por diferentes motivos se fue dejando de lado sin que nadie le prestara la debida atenci\u00f3n m\u00e1s all\u00e1 de que el espacio permanece intacto y esperando que alguien se ocupara de \u00e9l.<\/p>\n\n\n\n<p>El Secretario de Obras P\u00fablicas, Ariel \u00c1lvarez, el Secretario de Gobierno Silvio Corti, la Directora de Turismo Marcela Cu\u00f1er y el Ing. Agust\u00edn Vaca, explicaron a los presentes en qu\u00e9 consiste el proyecto y dieron detalles de c\u00f3mo se desarrollar\u00e1.<\/p>\n\n\n\n<p>Las autoridades anunciaron que se est\u00e1 limpiando el lugar, se lo va a arbolar con plantas aut\u00f3ctonas para que haya un sector con sombre, adem\u00e1s de un espacio verde y otro con arena que se habilitar\u00e1 como playa y su guardavida correspondiente para que el visitante pueda acceder al r\u00edo y disfrutar del d\u00eda en el lugar.<\/p>\n\n\n\n<p>Adem\u00e1s se les explic\u00f3 a los interesados que las proveedur\u00edas y emprendedores que habitualmente se instalaban en el lugar lo van a poder seguir haciendo, y cada uno explotar\u00e1 el espacio a la medida de las exigencias. &nbsp;&nbsp;<\/p>\n\n\n\n<p>La idea es que el proyecto est\u00e9 concluido a la brevedad y que la localidad pueda vivir un verano como los de antes.<\/p>\n","protected":false},"excerpt":{"rendered":"<p>Ser\u00eda reavivar aquellas inolvidables temporadas donde la playa de la localidad recib\u00eda a miles de turista. El proyecto fue bien recibido por vecinos, emprendedores y pescadores. La misma se espera ser terminada e inaugurada para la pr\u00f3xima temporada estival, siempre y cuando la situaci\u00f3n con la pandemia mejore. Si bien el propio Intendente Municipal Cecilio [&hellip;]<\/p>\n","protected":false},"author":4,"featured_media":78456,"comment_status":"open","ping_status":"closed","sticky":false,"template":"","format":"standard","meta":{"om_disable_all_campaigns":false,"_jetpack_memberships_contains_paid_content":false,"footnotes":""},"categories":[101,2],"tags":[197,696,33],"class_list":["post-78454","post","type-post","status-publish","format-standard","has-post-thumbnail","hentry","category-interes-general-locales","category-locales","tag-buenos-aires","tag-interes-general","tag-locales"],"aioseo_notices":[],"gutentor_comment":0,"jetpack_featured_media_url":"https:\/\/eldiariodesanpedro.com.ar\/sitio\/wp-content\/uploads\/2020\/07\/115801807_3239962009399638_4544212610386262133_n.jpg","jetpack_shortlink":"https:\/\/wp.me\/p6RhLt-kpo","jetpack_sharing_enabled":true,"_links":{"self":[{"href":"https:\/\/eldiariodesanpedro.com.ar\/sitio\/wp-json\/wp\/v2\/posts\/78454","targetHints":{"allow":["GET"]}}],"collection":[{"href":"https:\/\/eldiariodesanpedro.com.ar\/sitio\/wp-json\/wp\/v2\/posts"}],"about":[{"href":"https:\/\/eldiariodesanpedro.com.ar\/sitio\/wp-json\/wp\/v2\/types\/post"}],"author":[{"embeddable":true,"href":"https:\/\/eldiariodesanpedro.com.ar\/sitio\/wp-json\/wp\/v2\/users\/4"}],"replies":[{"embeddable":true,"href":"https:\/\/eldiariodesanpedro.com.ar\/sitio\/wp-json\/wp\/v2\/comments?post=78454"}],"version-history":[{"count":1,"href":"https:\/\/eldiariodesanpedro.com.ar\/sitio\/wp-json\/wp\/v2\/posts\/78454\/revisions"}],"predecessor-version":[{"id":78455,"href":"https:\/\/eldiariodesanpedro.com.ar\/sitio\/wp-json\/wp\/v2\/posts\/78454\/revisions\/78455"}],"wp:featuredmedia":[{"embeddable":true,"href":"https:\/\/eldiariodesanpedro.com.ar\/sitio\/wp-json\/wp\/v2\/media\/78456"}],"wp:attachment":[{"href":"https:\/\/eldiariodesanpedro.com.ar\/sitio\/wp-json\/wp\/v2\/media?parent=78454"}],"wp:term":[{"taxonomy":"category","embeddable":true,"href":"https:\/\/eldiariodesanpedro.com.ar\/sitio\/wp-json\/wp\/v2\/categories?post=78454"},{"taxonomy":"post_tag","embeddable":true,"href":"https:\/\/eldiariodesanpedro.com.ar\/sitio\/wp-json\/wp\/v2\/tags?post=78454"}],"curies":[{"name":"wp","href":"https:\/\/api.w.org\/{rel}","templated":true}]}}