{"id":78448,"date":"2020-07-27T10:43:15","date_gmt":"2020-07-27T13:43:15","guid":{"rendered":"https:\/\/eldiariodesanpedro.com.ar\/sitio\/?p=78448"},"modified":"2020-07-27T10:43:19","modified_gmt":"2020-07-27T13:43:19","slug":"intervencion-ante-caso-positivo-de-triquinosis","status":"publish","type":"post","link":"https:\/\/eldiariodesanpedro.com.ar\/sitio\/intervencion-ante-caso-positivo-de-triquinosis\/","title":{"rendered":"Intervenci\u00f3n ante caso positivo de Triquinosis"},"content":{"rendered":"<!-- VideographyWP Plugin Message: Automatic video embedding prevented by plugin options. -->\n\n<p>La Municipalidad de San Pedro informa, a trav\u00e9s de la Direcci\u00f3n de Bromatolog\u00eda dependiente de la Secretar\u00eda de Salud, que se ha tomado intervenci\u00f3n ante la detecci\u00f3n de un caso positivo de triquinosis.<\/p>\n\n\n\n<p>El an\u00e1lisis de una faena casera presentado voluntariamente para el control, permiti\u00f3 detectar un animal con la enfermedad en la zona del Bajo Tala y personal del \u00e1rea procedi\u00f3 a realizar el control de foco.<\/p>\n\n\n\n<p>El propietario s\u00f3lo contaba con un animal que hab\u00eda adquirido para realizar la faena, por lo tanto con la intervenci\u00f3n realizada se logr\u00f3 controlar la situaci\u00f3n sin que se llegaran a elaborar productos.<\/p>\n\n\n\n<p>Ante esta situaci\u00f3n se recuerda a toda la poblaci\u00f3n la importancia de consumir productos de faena controlada y que haya realizado el an\u00e1lisis gratuito que se ofrece en la Direcci\u00f3n de Bromatolog\u00eda para contar con el certificado correspondiente.<\/p>\n\n\n\n<p>Para mayor informaci\u00f3n puede consultarse al 03329-425450 o en bromatolog\u00eda@sanpedro.gob.ar<\/p>\n","protected":false},"excerpt":{"rendered":"<p>La Municipalidad de San Pedro informa, a trav\u00e9s de la Direcci\u00f3n de Bromatolog\u00eda dependiente de la Secretar\u00eda de Salud, que se ha tomado intervenci\u00f3n ante la detecci\u00f3n de un caso positivo de triquinosis. El an\u00e1lisis de una faena casera presentado voluntariamente para el control, permiti\u00f3 detectar un animal con la enfermedad en la zona del [&hellip;]<\/p>\n","protected":false},"author":4,"featured_media":78449,"comment_status":"open","ping_status":"closed","sticky":false,"template":"","format":"standard","meta":{"om_disable_all_campaigns":false,"_jetpack_memberships_contains_paid_content":false,"footnotes":""},"categories":[50,101,2],"tags":[1710,197,696,33,1711],"class_list":["post-78448","post","type-post","status-publish","format-standard","has-post-thumbnail","hentry","category-destacadas","category-interes-general-locales","category-locales","tag-bromatologia","tag-buenos-aires","tag-interes-general","tag-locales","tag-triquinosis"],"aioseo_notices":[],"gutentor_comment":0,"jetpack_featured_media_url":"https:\/\/eldiariodesanpedro.com.ar\/sitio\/wp-content\/uploads\/2020\/07\/WhatsApp-Image-2020-07-27-at-09.21.58.jpeg","jetpack_shortlink":"https:\/\/wp.me\/p6RhLt-kpi","jetpack_sharing_enabled":true,"_links":{"self":[{"href":"https:\/\/eldiariodesanpedro.com.ar\/sitio\/wp-json\/wp\/v2\/posts\/78448","targetHints":{"allow":["GET"]}}],"collection":[{"href":"https:\/\/eldiariodesanpedro.com.ar\/sitio\/wp-json\/wp\/v2\/posts"}],"about":[{"href":"https:\/\/eldiariodesanpedro.com.ar\/sitio\/wp-json\/wp\/v2\/types\/post"}],"author":[{"embeddable":true,"href":"https:\/\/eldiariodesanpedro.com.ar\/sitio\/wp-json\/wp\/v2\/users\/4"}],"replies":[{"embeddable":true,"href":"https:\/\/eldiariodesanpedro.com.ar\/sitio\/wp-json\/wp\/v2\/comments?post=78448"}],"version-history":[{"count":1,"href":"https:\/\/eldiariodesanpedro.com.ar\/sitio\/wp-json\/wp\/v2\/posts\/78448\/revisions"}],"predecessor-version":[{"id":78450,"href":"https:\/\/eldiariodesanpedro.com.ar\/sitio\/wp-json\/wp\/v2\/posts\/78448\/revisions\/78450"}],"wp:featuredmedia":[{"embeddable":true,"href":"https:\/\/eldiariodesanpedro.com.ar\/sitio\/wp-json\/wp\/v2\/media\/78449"}],"wp:attachment":[{"href":"https:\/\/eldiariodesanpedro.com.ar\/sitio\/wp-json\/wp\/v2\/media?parent=78448"}],"wp:term":[{"taxonomy":"category","embeddable":true,"href":"https:\/\/eldiariodesanpedro.com.ar\/sitio\/wp-json\/wp\/v2\/categories?post=78448"},{"taxonomy":"post_tag","embeddable":true,"href":"https:\/\/eldiariodesanpedro.com.ar\/sitio\/wp-json\/wp\/v2\/tags?post=78448"}],"curies":[{"name":"wp","href":"https:\/\/api.w.org\/{rel}","templated":true}]}}