{"id":78446,"date":"2020-07-27T10:40:58","date_gmt":"2020-07-27T13:40:58","guid":{"rendered":"https:\/\/eldiariodesanpedro.com.ar\/sitio\/?p=78446"},"modified":"2020-07-27T10:41:02","modified_gmt":"2020-07-27T13:41:02","slug":"un-aprehendido-por-violencia-de-genero-8","status":"publish","type":"post","link":"https:\/\/eldiariodesanpedro.com.ar\/sitio\/un-aprehendido-por-violencia-de-genero-8\/","title":{"rendered":"Un aprehendido por violencia de genero"},"content":{"rendered":"<!-- VideographyWP Plugin Message: Automatic video embedding prevented by plugin options. -->\n\n<p>En la madrugada de este lunes la polic\u00eda de nuestra ciudad realiz\u00f3 la aprehensi\u00f3n de un ciudadano mayor de edad.<\/p>\n\n\n\n<p>El hecho ocurri\u00f3 en 3 de Febrero y Nuestra Se\u00f1ora del Socorro donde tras ser alertados por un llamado telef\u00f3nico los efectivos lograron aprehender masculino mayor de edad, quien momentos antes amenaza y ocasiona da\u00f1os vivienda su ex pareja, arrib\u00f3 personal constata da\u00f1os y el sujeto se torna agresivo emprendiendo huida siendo reducido.&nbsp;<\/p>\n\n\n\n<p>Fue trasladado a la comisar\u00eda local donde permanece alojado y tanto efectivos como v\u00edctima resultaron ilesas.<\/p>\n","protected":false},"excerpt":{"rendered":"<p>En la madrugada de este lunes la polic\u00eda de nuestra ciudad realiz\u00f3 la aprehensi\u00f3n de un ciudadano mayor de edad. El hecho ocurri\u00f3 en 3 de Febrero y Nuestra Se\u00f1ora del Socorro donde tras ser alertados por un llamado telef\u00f3nico los efectivos lograron aprehender masculino mayor de edad, quien momentos antes amenaza y ocasiona da\u00f1os [&hellip;]<\/p>\n","protected":false},"author":4,"featured_media":45394,"comment_status":"open","ping_status":"closed","sticky":false,"template":"","format":"standard","meta":{"om_disable_all_campaigns":false,"_jetpack_memberships_contains_paid_content":false,"footnotes":""},"categories":[2,103],"tags":[197,33,95],"class_list":["post-78446","post","type-post","status-publish","format-standard","has-post-thumbnail","hentry","category-locales","category-policiales-locales","tag-buenos-aires","tag-locales","tag-policiales"],"aioseo_notices":[],"gutentor_comment":0,"jetpack_featured_media_url":"https:\/\/eldiariodesanpedro.com.ar\/sitio\/wp-content\/uploads\/2019\/01\/comisaria.jpg","jetpack_shortlink":"https:\/\/wp.me\/p6RhLt-kpg","jetpack_sharing_enabled":true,"_links":{"self":[{"href":"https:\/\/eldiariodesanpedro.com.ar\/sitio\/wp-json\/wp\/v2\/posts\/78446","targetHints":{"allow":["GET"]}}],"collection":[{"href":"https:\/\/eldiariodesanpedro.com.ar\/sitio\/wp-json\/wp\/v2\/posts"}],"about":[{"href":"https:\/\/eldiariodesanpedro.com.ar\/sitio\/wp-json\/wp\/v2\/types\/post"}],"author":[{"embeddable":true,"href":"https:\/\/eldiariodesanpedro.com.ar\/sitio\/wp-json\/wp\/v2\/users\/4"}],"replies":[{"embeddable":true,"href":"https:\/\/eldiariodesanpedro.com.ar\/sitio\/wp-json\/wp\/v2\/comments?post=78446"}],"version-history":[{"count":1,"href":"https:\/\/eldiariodesanpedro.com.ar\/sitio\/wp-json\/wp\/v2\/posts\/78446\/revisions"}],"predecessor-version":[{"id":78447,"href":"https:\/\/eldiariodesanpedro.com.ar\/sitio\/wp-json\/wp\/v2\/posts\/78446\/revisions\/78447"}],"wp:featuredmedia":[{"embeddable":true,"href":"https:\/\/eldiariodesanpedro.com.ar\/sitio\/wp-json\/wp\/v2\/media\/45394"}],"wp:attachment":[{"href":"https:\/\/eldiariodesanpedro.com.ar\/sitio\/wp-json\/wp\/v2\/media?parent=78446"}],"wp:term":[{"taxonomy":"category","embeddable":true,"href":"https:\/\/eldiariodesanpedro.com.ar\/sitio\/wp-json\/wp\/v2\/categories?post=78446"},{"taxonomy":"post_tag","embeddable":true,"href":"https:\/\/eldiariodesanpedro.com.ar\/sitio\/wp-json\/wp\/v2\/tags?post=78446"}],"curies":[{"name":"wp","href":"https:\/\/api.w.org\/{rel}","templated":true}]}}