{"id":78444,"date":"2020-07-27T10:34:21","date_gmt":"2020-07-27T13:34:21","guid":{"rendered":"https:\/\/eldiariodesanpedro.com.ar\/sitio\/?p=78444"},"modified":"2020-07-27T10:58:04","modified_gmt":"2020-07-27T13:58:04","slug":"un-delincuente-aprehendido-tras-tratar-de-robar-a-un-mujer-y-dos-hijos","status":"publish","type":"post","link":"https:\/\/eldiariodesanpedro.com.ar\/sitio\/un-delincuente-aprehendido-tras-tratar-de-robar-a-un-mujer-y-dos-hijos\/","title":{"rendered":"Un delincuente aprehendido tras tratar de robar a un mujer y dos hijos"},"content":{"rendered":"<!-- VideographyWP Plugin Message: Automatic video embedding prevented by plugin options. -->\n\n<p>En la vecina localidad de R\u00edo Tala los efectivos pertenecientes al destacamento lograron la aprehensi\u00f3n de un delincuente.<\/p>\n\n\n\n<p>El hecho ocurri\u00f3 este domingo en San Mart\u00edn e\/ G\u00fcemes y Schallibaum, aprehende masculino mayor de edad y secuestro su poder arma blanca, quien momentos antes de calle Combate del Tala al 500, hab\u00eda intentado sustraer mediante intimidaci\u00f3n arma blanca, celular a femenina junto a dos menores de edad.\u00a0<\/p>\n\n\n\n<figure class=\"wp-block-image size-large\"><img decoding=\"async\" width=\"576\" height=\"1024\" data-attachment-id=\"78452\" data-permalink=\"https:\/\/eldiariodesanpedro.com.ar\/sitio\/un-delincuente-aprehendido-tras-tratar-de-robar-a-un-mujer-y-dos-hijos\/whatsapp-image-2020-07-27-at-10-49-12\/\" data-orig-file=\"https:\/\/eldiariodesanpedro.com.ar\/sitio\/wp-content\/uploads\/2020\/07\/WhatsApp-Image-2020-07-27-at-10.49.12.jpeg\" data-orig-size=\"648,1152\" data-comments-opened=\"1\" data-image-meta=\"{&quot;aperture&quot;:&quot;0&quot;,&quot;credit&quot;:&quot;&quot;,&quot;camera&quot;:&quot;&quot;,&quot;caption&quot;:&quot;&quot;,&quot;created_timestamp&quot;:&quot;0&quot;,&quot;copyright&quot;:&quot;&quot;,&quot;focal_length&quot;:&quot;0&quot;,&quot;iso&quot;:&quot;0&quot;,&quot;shutter_speed&quot;:&quot;0&quot;,&quot;title&quot;:&quot;&quot;,&quot;orientation&quot;:&quot;0&quot;}\" data-image-title=\"WhatsApp Image 2020-07-27 at 10.49.12\" data-image-description=\"\" data-image-caption=\"\" data-large-file=\"https:\/\/eldiariodesanpedro.com.ar\/sitio\/wp-content\/uploads\/2020\/07\/WhatsApp-Image-2020-07-27-at-10.49.12-576x1024.jpeg\" data-src=\"https:\/\/eldiariodesanpedro.com.ar\/sitio\/wp-content\/uploads\/2020\/07\/WhatsApp-Image-2020-07-27-at-10.49.12-576x1024.jpeg\" alt=\"\" class=\"wp-image-78452 lazyload\" data-srcset=\"https:\/\/eldiariodesanpedro.com.ar\/sitio\/wp-content\/uploads\/2020\/07\/WhatsApp-Image-2020-07-27-at-10.49.12-576x1024.jpeg 576w, https:\/\/eldiariodesanpedro.com.ar\/sitio\/wp-content\/uploads\/2020\/07\/WhatsApp-Image-2020-07-27-at-10.49.12-169x300.jpeg 169w, https:\/\/eldiariodesanpedro.com.ar\/sitio\/wp-content\/uploads\/2020\/07\/WhatsApp-Image-2020-07-27-at-10.49.12.jpeg 648w\" data-sizes=\"(max-width: 576px) 100vw, 576px\" src=\"data:image\/svg+xml;base64,PHN2ZyB3aWR0aD0iMSIgaGVpZ2h0PSIxIiB4bWxucz0iaHR0cDovL3d3dy53My5vcmcvMjAwMC9zdmciPjwvc3ZnPg==\" style=\"--smush-placeholder-width: 576px; --smush-placeholder-aspect-ratio: 576\/1024;\" \/><\/figure>\n","protected":false},"excerpt":{"rendered":"<p>En la vecina localidad de R\u00edo Tala los efectivos pertenecientes al destacamento lograron la aprehensi\u00f3n de un delincuente. El hecho ocurri\u00f3 este domingo en San Mart\u00edn e\/ G\u00fcemes y Schallibaum, aprehende masculino mayor de edad y secuestro su poder arma blanca, quien momentos antes de calle Combate del Tala al 500, hab\u00eda intentado sustraer mediante [&hellip;]<\/p>\n","protected":false},"author":4,"featured_media":77319,"comment_status":"open","ping_status":"closed","sticky":false,"template":"","format":"standard","meta":{"om_disable_all_campaigns":false,"_jetpack_memberships_contains_paid_content":false,"footnotes":""},"categories":[2,103],"tags":[197,33,95,881],"class_list":["post-78444","post","type-post","status-publish","format-standard","has-post-thumbnail","hentry","category-locales","category-policiales-locales","tag-buenos-aires","tag-locales","tag-policiales","tag-rio-tala"],"aioseo_notices":[],"gutentor_comment":0,"jetpack_featured_media_url":"https:\/\/eldiariodesanpedro.com.ar\/sitio\/wp-content\/uploads\/2020\/07\/WhatsApp-Image-2020-07-04-at-17.57.50-3.jpeg","jetpack_shortlink":"https:\/\/wp.me\/p6RhLt-kpe","jetpack_sharing_enabled":true,"_links":{"self":[{"href":"https:\/\/eldiariodesanpedro.com.ar\/sitio\/wp-json\/wp\/v2\/posts\/78444","targetHints":{"allow":["GET"]}}],"collection":[{"href":"https:\/\/eldiariodesanpedro.com.ar\/sitio\/wp-json\/wp\/v2\/posts"}],"about":[{"href":"https:\/\/eldiariodesanpedro.com.ar\/sitio\/wp-json\/wp\/v2\/types\/post"}],"author":[{"embeddable":true,"href":"https:\/\/eldiariodesanpedro.com.ar\/sitio\/wp-json\/wp\/v2\/users\/4"}],"replies":[{"embeddable":true,"href":"https:\/\/eldiariodesanpedro.com.ar\/sitio\/wp-json\/wp\/v2\/comments?post=78444"}],"version-history":[{"count":2,"href":"https:\/\/eldiariodesanpedro.com.ar\/sitio\/wp-json\/wp\/v2\/posts\/78444\/revisions"}],"predecessor-version":[{"id":78453,"href":"https:\/\/eldiariodesanpedro.com.ar\/sitio\/wp-json\/wp\/v2\/posts\/78444\/revisions\/78453"}],"wp:featuredmedia":[{"embeddable":true,"href":"https:\/\/eldiariodesanpedro.com.ar\/sitio\/wp-json\/wp\/v2\/media\/77319"}],"wp:attachment":[{"href":"https:\/\/eldiariodesanpedro.com.ar\/sitio\/wp-json\/wp\/v2\/media?parent=78444"}],"wp:term":[{"taxonomy":"category","embeddable":true,"href":"https:\/\/eldiariodesanpedro.com.ar\/sitio\/wp-json\/wp\/v2\/categories?post=78444"},{"taxonomy":"post_tag","embeddable":true,"href":"https:\/\/eldiariodesanpedro.com.ar\/sitio\/wp-json\/wp\/v2\/tags?post=78444"}],"curies":[{"name":"wp","href":"https:\/\/api.w.org\/{rel}","templated":true}]}}