{"id":78442,"date":"2020-07-27T09:57:31","date_gmt":"2020-07-27T12:57:31","guid":{"rendered":"https:\/\/eldiariodesanpedro.com.ar\/sitio\/?p=78442"},"modified":"2020-07-27T09:57:34","modified_gmt":"2020-07-27T12:57:34","slug":"dos-heridos-por-disparos-de-arma-de-fuego-en-el-barrio-hermano-indio","status":"publish","type":"post","link":"https:\/\/eldiariodesanpedro.com.ar\/sitio\/dos-heridos-por-disparos-de-arma-de-fuego-en-el-barrio-hermano-indio\/","title":{"rendered":"Dos heridos por disparos de arma de fuego en el Barrio Hermano Indio"},"content":{"rendered":"<!-- VideographyWP Plugin Message: Automatic video embedding prevented by plugin options. -->\n\n<p>Durante la jornada de este domingo ocurri\u00f3 una persecuci\u00f3n de efectivos policiales tras de delincuentes que portaban armas de fuego.<\/p>\n\n\n\n<p>Este domingo en horas de la tarde se recibi\u00f3 un llamado al 911 por parte de un vecino del barrio Hermano Indio que denuncia que se escuchaban detonaciones de arma de fuego en la zona de los pasillos.<\/p>\n\n\n\n<p>Al hacerse presente varias presentes en el lugar se observan dos sujetos masculinos quienes portaban arma de fuego en manos, por lo que los efectivos iniciaron una persecuci\u00f3n a pie detr\u00e1s de estos hasta llegar campo abierto donde uno de ellos apunta con pistola a efectivos policiales, d\u00e1ndose ambos a la fuga no se logra aprehensi\u00f3n.&nbsp;<\/p>\n\n\n\n<p>Se confirma que dos masculinos menores de edad presenta herida de disparos en pierna y espalda car\u00e1cter leves siendo trasladados al nosocomio local por parte del SAME.<\/p>\n","protected":false},"excerpt":{"rendered":"<p>Durante la jornada de este domingo ocurri\u00f3 una persecuci\u00f3n de efectivos policiales tras de delincuentes que portaban armas de fuego. Este domingo en horas de la tarde se recibi\u00f3 un llamado al 911 por parte de un vecino del barrio Hermano Indio que denuncia que se escuchaban detonaciones de arma de fuego en la zona [&hellip;]<\/p>\n","protected":false},"author":4,"featured_media":75130,"comment_status":"open","ping_status":"closed","sticky":false,"template":"","format":"standard","meta":{"om_disable_all_campaigns":false,"_jetpack_memberships_contains_paid_content":false,"footnotes":""},"categories":[50,2,103],"tags":[197,1709,33,95],"class_list":["post-78442","post","type-post","status-publish","format-standard","has-post-thumbnail","hentry","category-destacadas","category-locales","category-policiales-locales","tag-buenos-aires","tag-heridos-de-arma-de-fuego","tag-locales","tag-policiales"],"aioseo_notices":[],"gutentor_comment":0,"jetpack_featured_media_url":"https:\/\/eldiariodesanpedro.com.ar\/sitio\/wp-content\/uploads\/2020\/06\/20200605_111029-scaled.jpg","jetpack_shortlink":"https:\/\/wp.me\/p6RhLt-kpc","jetpack_sharing_enabled":true,"_links":{"self":[{"href":"https:\/\/eldiariodesanpedro.com.ar\/sitio\/wp-json\/wp\/v2\/posts\/78442","targetHints":{"allow":["GET"]}}],"collection":[{"href":"https:\/\/eldiariodesanpedro.com.ar\/sitio\/wp-json\/wp\/v2\/posts"}],"about":[{"href":"https:\/\/eldiariodesanpedro.com.ar\/sitio\/wp-json\/wp\/v2\/types\/post"}],"author":[{"embeddable":true,"href":"https:\/\/eldiariodesanpedro.com.ar\/sitio\/wp-json\/wp\/v2\/users\/4"}],"replies":[{"embeddable":true,"href":"https:\/\/eldiariodesanpedro.com.ar\/sitio\/wp-json\/wp\/v2\/comments?post=78442"}],"version-history":[{"count":1,"href":"https:\/\/eldiariodesanpedro.com.ar\/sitio\/wp-json\/wp\/v2\/posts\/78442\/revisions"}],"predecessor-version":[{"id":78443,"href":"https:\/\/eldiariodesanpedro.com.ar\/sitio\/wp-json\/wp\/v2\/posts\/78442\/revisions\/78443"}],"wp:featuredmedia":[{"embeddable":true,"href":"https:\/\/eldiariodesanpedro.com.ar\/sitio\/wp-json\/wp\/v2\/media\/75130"}],"wp:attachment":[{"href":"https:\/\/eldiariodesanpedro.com.ar\/sitio\/wp-json\/wp\/v2\/media?parent=78442"}],"wp:term":[{"taxonomy":"category","embeddable":true,"href":"https:\/\/eldiariodesanpedro.com.ar\/sitio\/wp-json\/wp\/v2\/categories?post=78442"},{"taxonomy":"post_tag","embeddable":true,"href":"https:\/\/eldiariodesanpedro.com.ar\/sitio\/wp-json\/wp\/v2\/tags?post=78442"}],"curies":[{"name":"wp","href":"https:\/\/api.w.org\/{rel}","templated":true}]}}