{"id":78437,"date":"2020-07-27T07:59:21","date_gmt":"2020-07-27T10:59:21","guid":{"rendered":"https:\/\/eldiariodesanpedro.com.ar\/sitio\/?p=78437"},"modified":"2020-07-27T07:59:25","modified_gmt":"2020-07-27T10:59:25","slug":"otro-fallecimiento-por-coronavirus-hasta-el-momento-son-seis","status":"publish","type":"post","link":"https:\/\/eldiariodesanpedro.com.ar\/sitio\/otro-fallecimiento-por-coronavirus-hasta-el-momento-son-seis\/","title":{"rendered":"Otro fallecimiento por coronavirus, hasta el momento son seis"},"content":{"rendered":"<!-- VideographyWP Plugin Message: Automatic video embedding prevented by plugin options. -->\n\n<p>La Secretar\u00eda de Salud de la Municipalidad de San Pedro lamenta comunicar el deceso del  Sr. Alejandro Mik de 84 a\u00f1os, ex residente del establecimiento geri\u00e1trico, internado en una cl\u00ednica privada desde el 13 de julio.\u00a0<\/p>\n\n\n\n<p>Su caso hab\u00eda sido confirmado como positivo el 20 del corriente, y presentaba diversos factores de riesgo.<\/p>\n\n\n\n<p>Se trata del sexto fallecimiento en nuestro distrito desde que comenz\u00f3 la Pandemia.<\/p>\n\n\n\n<p>A trav\u00e9s de ustedes hacemos llegar nuestras condolencias a su familia y seres queridos.<\/p>\n","protected":false},"excerpt":{"rendered":"<p>La Secretar\u00eda de Salud de la Municipalidad de San Pedro lamenta comunicar el deceso del Sr. Alejandro Mik de 84 a\u00f1os, ex residente del establecimiento geri\u00e1trico, internado en una cl\u00ednica privada desde el 13 de julio.\u00a0 Su caso hab\u00eda sido confirmado como positivo el 20 del corriente, y presentaba diversos factores de riesgo. Se trata [&hellip;]<\/p>\n","protected":false},"author":4,"featured_media":78438,"comment_status":"open","ping_status":"closed","sticky":false,"template":"","format":"standard","meta":{"om_disable_all_campaigns":false,"_jetpack_memberships_contains_paid_content":false,"footnotes":""},"categories":[50,101,2],"tags":[197,696,33,19],"class_list":["post-78437","post","type-post","status-publish","format-standard","has-post-thumbnail","hentry","category-destacadas","category-interes-general-locales","category-locales","tag-buenos-aires","tag-interes-general","tag-locales","tag-san-pedro"],"aioseo_notices":[],"gutentor_comment":0,"jetpack_featured_media_url":"https:\/\/eldiariodesanpedro.com.ar\/sitio\/wp-content\/uploads\/2020\/07\/coronavirus1200.240420dos.jpg","jetpack_shortlink":"https:\/\/wp.me\/p6RhLt-kp7","jetpack_sharing_enabled":true,"_links":{"self":[{"href":"https:\/\/eldiariodesanpedro.com.ar\/sitio\/wp-json\/wp\/v2\/posts\/78437","targetHints":{"allow":["GET"]}}],"collection":[{"href":"https:\/\/eldiariodesanpedro.com.ar\/sitio\/wp-json\/wp\/v2\/posts"}],"about":[{"href":"https:\/\/eldiariodesanpedro.com.ar\/sitio\/wp-json\/wp\/v2\/types\/post"}],"author":[{"embeddable":true,"href":"https:\/\/eldiariodesanpedro.com.ar\/sitio\/wp-json\/wp\/v2\/users\/4"}],"replies":[{"embeddable":true,"href":"https:\/\/eldiariodesanpedro.com.ar\/sitio\/wp-json\/wp\/v2\/comments?post=78437"}],"version-history":[{"count":1,"href":"https:\/\/eldiariodesanpedro.com.ar\/sitio\/wp-json\/wp\/v2\/posts\/78437\/revisions"}],"predecessor-version":[{"id":78439,"href":"https:\/\/eldiariodesanpedro.com.ar\/sitio\/wp-json\/wp\/v2\/posts\/78437\/revisions\/78439"}],"wp:featuredmedia":[{"embeddable":true,"href":"https:\/\/eldiariodesanpedro.com.ar\/sitio\/wp-json\/wp\/v2\/media\/78438"}],"wp:attachment":[{"href":"https:\/\/eldiariodesanpedro.com.ar\/sitio\/wp-json\/wp\/v2\/media?parent=78437"}],"wp:term":[{"taxonomy":"category","embeddable":true,"href":"https:\/\/eldiariodesanpedro.com.ar\/sitio\/wp-json\/wp\/v2\/categories?post=78437"},{"taxonomy":"post_tag","embeddable":true,"href":"https:\/\/eldiariodesanpedro.com.ar\/sitio\/wp-json\/wp\/v2\/tags?post=78437"}],"curies":[{"name":"wp","href":"https:\/\/api.w.org\/{rel}","templated":true}]}}