{"id":78432,"date":"2020-07-26T13:16:13","date_gmt":"2020-07-26T16:16:13","guid":{"rendered":"https:\/\/eldiariodesanpedro.com.ar\/sitio\/?p=78432"},"modified":"2020-07-26T13:16:17","modified_gmt":"2020-07-26T16:16:17","slug":"edicto-de-sucesion-de-oviedo-norma-mercedes","status":"publish","type":"post","link":"https:\/\/eldiariodesanpedro.com.ar\/sitio\/edicto-de-sucesion-de-oviedo-norma-mercedes\/","title":{"rendered":"Edicto de Sucesi\u00f3n de Oviedo Norma Mercedes"},"content":{"rendered":"<!-- VideographyWP Plugin Message: Automatic video embedding prevented by plugin options. -->\n\n<p>El Juzgado de\u00a0Paz Letrado de San Pedro , Secretar\u00eda \u00danica , cita y emplaza por treinta d\u00edas a herederos y acreedores\u00a0 de OVIEDO NORMA MERCEDES.-  San Pedro 22 de Julio de 2020.-<\/p>\n\n\n\n<p>FACUNDO VELLON\u00a0<br>ABOGADO SECRETARIO<\/p>\n","protected":false},"excerpt":{"rendered":"<p>El Juzgado de\u00a0Paz Letrado de San Pedro , Secretar\u00eda \u00danica , cita y emplaza por treinta d\u00edas a herederos y acreedores\u00a0 de OVIEDO NORMA MERCEDES.- San Pedro 22 de Julio de 2020.- FACUNDO VELLON\u00a0ABOGADO SECRETARIO<\/p>\n","protected":false},"author":4,"featured_media":78139,"comment_status":"open","ping_status":"closed","sticky":false,"template":"","format":"standard","meta":{"om_disable_all_campaigns":false,"_jetpack_memberships_contains_paid_content":false,"footnotes":""},"categories":[676,677],"tags":[1121,1355,1122],"class_list":["post-78432","post","type-post","status-publish","format-standard","has-post-thumbnail","hentry","category-edictos","category-edictos-sucesorios","tag-edicto","tag-judiciales","tag-sucesion"],"aioseo_notices":[],"gutentor_comment":0,"jetpack_featured_media_url":"https:\/\/eldiariodesanpedro.com.ar\/sitio\/wp-content\/uploads\/2020\/07\/Edictos-4-1.jpg","jetpack_shortlink":"https:\/\/wp.me\/p6RhLt-kp2","jetpack_sharing_enabled":true,"_links":{"self":[{"href":"https:\/\/eldiariodesanpedro.com.ar\/sitio\/wp-json\/wp\/v2\/posts\/78432","targetHints":{"allow":["GET"]}}],"collection":[{"href":"https:\/\/eldiariodesanpedro.com.ar\/sitio\/wp-json\/wp\/v2\/posts"}],"about":[{"href":"https:\/\/eldiariodesanpedro.com.ar\/sitio\/wp-json\/wp\/v2\/types\/post"}],"author":[{"embeddable":true,"href":"https:\/\/eldiariodesanpedro.com.ar\/sitio\/wp-json\/wp\/v2\/users\/4"}],"replies":[{"embeddable":true,"href":"https:\/\/eldiariodesanpedro.com.ar\/sitio\/wp-json\/wp\/v2\/comments?post=78432"}],"version-history":[{"count":1,"href":"https:\/\/eldiariodesanpedro.com.ar\/sitio\/wp-json\/wp\/v2\/posts\/78432\/revisions"}],"predecessor-version":[{"id":78433,"href":"https:\/\/eldiariodesanpedro.com.ar\/sitio\/wp-json\/wp\/v2\/posts\/78432\/revisions\/78433"}],"wp:featuredmedia":[{"embeddable":true,"href":"https:\/\/eldiariodesanpedro.com.ar\/sitio\/wp-json\/wp\/v2\/media\/78139"}],"wp:attachment":[{"href":"https:\/\/eldiariodesanpedro.com.ar\/sitio\/wp-json\/wp\/v2\/media?parent=78432"}],"wp:term":[{"taxonomy":"category","embeddable":true,"href":"https:\/\/eldiariodesanpedro.com.ar\/sitio\/wp-json\/wp\/v2\/categories?post=78432"},{"taxonomy":"post_tag","embeddable":true,"href":"https:\/\/eldiariodesanpedro.com.ar\/sitio\/wp-json\/wp\/v2\/tags?post=78432"}],"curies":[{"name":"wp","href":"https:\/\/api.w.org\/{rel}","templated":true}]}}