{"id":78429,"date":"2020-07-26T13:13:30","date_gmt":"2020-07-26T16:13:30","guid":{"rendered":"https:\/\/eldiariodesanpedro.com.ar\/sitio\/?p=78429"},"modified":"2020-07-26T13:13:34","modified_gmt":"2020-07-26T16:13:34","slug":"joven-aprehendido-por-amenazar-a-sus-hermanas-con-un-machete","status":"publish","type":"post","link":"https:\/\/eldiariodesanpedro.com.ar\/sitio\/joven-aprehendido-por-amenazar-a-sus-hermanas-con-un-machete\/","title":{"rendered":"Joven aprehendido por amenazar a sus hermanas con un machete"},"content":{"rendered":"<!-- VideographyWP Plugin Message: Automatic video embedding prevented by plugin options. -->\n\n<p>Esta madrugada de domingo la polic\u00eda de la comisar\u00eda local realiza la aprehensi\u00f3n de un sujeto en calle Italia al 400 quien intenta agredir y amenaza a sus hermanas con machete, no ocasionando heridas.&nbsp;<\/p>\n\n\n\n<p>El Joven fue trasladado a la comisar\u00eda local donde permaneci\u00f3 alojado hasta tomar recaudos legales y posterior libertad.<\/p>\n","protected":false},"excerpt":{"rendered":"<p>Esta madrugada de domingo la polic\u00eda de la comisar\u00eda local realiza la aprehensi\u00f3n de un sujeto en calle Italia al 400 quien intenta agredir y amenaza a sus hermanas con machete, no ocasionando heridas.&nbsp; El Joven fue trasladado a la comisar\u00eda local donde permaneci\u00f3 alojado hasta tomar recaudos legales y posterior libertad.<\/p>\n","protected":false},"author":4,"featured_media":78430,"comment_status":"open","ping_status":"closed","sticky":false,"template":"","format":"standard","meta":{"om_disable_all_campaigns":false,"_jetpack_memberships_contains_paid_content":false,"footnotes":""},"categories":[2,103],"tags":[197,33,95],"class_list":["post-78429","post","type-post","status-publish","format-standard","has-post-thumbnail","hentry","category-locales","category-policiales-locales","tag-buenos-aires","tag-locales","tag-policiales"],"aioseo_notices":[],"gutentor_comment":0,"jetpack_featured_media_url":"https:\/\/eldiariodesanpedro.com.ar\/sitio\/wp-content\/uploads\/2020\/07\/WhatsApp-Image-2020-07-26-at-12.40.14-1.jpeg","jetpack_shortlink":"https:\/\/wp.me\/p6RhLt-koZ","jetpack_sharing_enabled":true,"_links":{"self":[{"href":"https:\/\/eldiariodesanpedro.com.ar\/sitio\/wp-json\/wp\/v2\/posts\/78429","targetHints":{"allow":["GET"]}}],"collection":[{"href":"https:\/\/eldiariodesanpedro.com.ar\/sitio\/wp-json\/wp\/v2\/posts"}],"about":[{"href":"https:\/\/eldiariodesanpedro.com.ar\/sitio\/wp-json\/wp\/v2\/types\/post"}],"author":[{"embeddable":true,"href":"https:\/\/eldiariodesanpedro.com.ar\/sitio\/wp-json\/wp\/v2\/users\/4"}],"replies":[{"embeddable":true,"href":"https:\/\/eldiariodesanpedro.com.ar\/sitio\/wp-json\/wp\/v2\/comments?post=78429"}],"version-history":[{"count":1,"href":"https:\/\/eldiariodesanpedro.com.ar\/sitio\/wp-json\/wp\/v2\/posts\/78429\/revisions"}],"predecessor-version":[{"id":78431,"href":"https:\/\/eldiariodesanpedro.com.ar\/sitio\/wp-json\/wp\/v2\/posts\/78429\/revisions\/78431"}],"wp:featuredmedia":[{"embeddable":true,"href":"https:\/\/eldiariodesanpedro.com.ar\/sitio\/wp-json\/wp\/v2\/media\/78430"}],"wp:attachment":[{"href":"https:\/\/eldiariodesanpedro.com.ar\/sitio\/wp-json\/wp\/v2\/media?parent=78429"}],"wp:term":[{"taxonomy":"category","embeddable":true,"href":"https:\/\/eldiariodesanpedro.com.ar\/sitio\/wp-json\/wp\/v2\/categories?post=78429"},{"taxonomy":"post_tag","embeddable":true,"href":"https:\/\/eldiariodesanpedro.com.ar\/sitio\/wp-json\/wp\/v2\/tags?post=78429"}],"curies":[{"name":"wp","href":"https:\/\/api.w.org\/{rel}","templated":true}]}}