{"id":78427,"date":"2020-07-26T13:09:53","date_gmt":"2020-07-26T16:09:53","guid":{"rendered":"https:\/\/eldiariodesanpedro.com.ar\/sitio\/?p=78427"},"modified":"2020-07-26T13:09:57","modified_gmt":"2020-07-26T16:09:57","slug":"una-joven-herida-en-una-pelea-entre-mujeres","status":"publish","type":"post","link":"https:\/\/eldiariodesanpedro.com.ar\/sitio\/una-joven-herida-en-una-pelea-entre-mujeres\/","title":{"rendered":"Una joven herida en una pelea entre mujeres"},"content":{"rendered":"<!-- VideographyWP Plugin Message: Automatic video embedding prevented by plugin options. -->\n\n<p>En la comisar\u00eda local se recibi\u00f3 una denuncia por parte de una ciudadana mayor de edad quien declara que su hija fue agredida en una pelea de barrio, por otra femenina menor de edad ocasion\u00e1ndole herida cortante.&nbsp;<\/p>\n\n\n\n<p>La joven en el nosocomio local se corroboro que sufri\u00f3 lesiones leves. Intervenci\u00f3n Ufi Nro. 5.-<\/p>\n","protected":false},"excerpt":{"rendered":"<p>En la comisar\u00eda local se recibi\u00f3 una denuncia por parte de una ciudadana mayor de edad quien declara que su hija fue agredida en una pelea de barrio, por otra femenina menor de edad ocasion\u00e1ndole herida cortante.&nbsp; La joven en el nosocomio local se corroboro que sufri\u00f3 lesiones leves. Intervenci\u00f3n Ufi Nro. 5.-<\/p>\n","protected":false},"author":4,"featured_media":77602,"comment_status":"open","ping_status":"closed","sticky":false,"template":"","format":"standard","meta":{"om_disable_all_campaigns":false,"_jetpack_memberships_contains_paid_content":false,"footnotes":""},"categories":[2,103],"tags":[197,33,95],"class_list":["post-78427","post","type-post","status-publish","format-standard","has-post-thumbnail","hentry","category-locales","category-policiales-locales","tag-buenos-aires","tag-locales","tag-policiales"],"aioseo_notices":[],"gutentor_comment":0,"jetpack_featured_media_url":"https:\/\/eldiariodesanpedro.com.ar\/sitio\/wp-content\/uploads\/2020\/07\/0-2-1.jpg","jetpack_shortlink":"https:\/\/wp.me\/p6RhLt-koX","jetpack_sharing_enabled":true,"_links":{"self":[{"href":"https:\/\/eldiariodesanpedro.com.ar\/sitio\/wp-json\/wp\/v2\/posts\/78427","targetHints":{"allow":["GET"]}}],"collection":[{"href":"https:\/\/eldiariodesanpedro.com.ar\/sitio\/wp-json\/wp\/v2\/posts"}],"about":[{"href":"https:\/\/eldiariodesanpedro.com.ar\/sitio\/wp-json\/wp\/v2\/types\/post"}],"author":[{"embeddable":true,"href":"https:\/\/eldiariodesanpedro.com.ar\/sitio\/wp-json\/wp\/v2\/users\/4"}],"replies":[{"embeddable":true,"href":"https:\/\/eldiariodesanpedro.com.ar\/sitio\/wp-json\/wp\/v2\/comments?post=78427"}],"version-history":[{"count":1,"href":"https:\/\/eldiariodesanpedro.com.ar\/sitio\/wp-json\/wp\/v2\/posts\/78427\/revisions"}],"predecessor-version":[{"id":78428,"href":"https:\/\/eldiariodesanpedro.com.ar\/sitio\/wp-json\/wp\/v2\/posts\/78427\/revisions\/78428"}],"wp:featuredmedia":[{"embeddable":true,"href":"https:\/\/eldiariodesanpedro.com.ar\/sitio\/wp-json\/wp\/v2\/media\/77602"}],"wp:attachment":[{"href":"https:\/\/eldiariodesanpedro.com.ar\/sitio\/wp-json\/wp\/v2\/media?parent=78427"}],"wp:term":[{"taxonomy":"category","embeddable":true,"href":"https:\/\/eldiariodesanpedro.com.ar\/sitio\/wp-json\/wp\/v2\/categories?post=78427"},{"taxonomy":"post_tag","embeddable":true,"href":"https:\/\/eldiariodesanpedro.com.ar\/sitio\/wp-json\/wp\/v2\/tags?post=78427"}],"curies":[{"name":"wp","href":"https:\/\/api.w.org\/{rel}","templated":true}]}}