{"id":78415,"date":"2020-07-26T12:46:35","date_gmt":"2020-07-26T15:46:35","guid":{"rendered":"https:\/\/eldiariodesanpedro.com.ar\/sitio\/?p=78415"},"modified":"2020-07-26T12:46:39","modified_gmt":"2020-07-26T15:46:39","slug":"se-le-encontro-un-envoltorio-de-nylon-con-marihuana-y-fue-aprehendido","status":"publish","type":"post","link":"https:\/\/eldiariodesanpedro.com.ar\/sitio\/se-le-encontro-un-envoltorio-de-nylon-con-marihuana-y-fue-aprehendido\/","title":{"rendered":"Se le encontr\u00f3 un envoltorio de nylon con marihuana y fue aprehendido"},"content":{"rendered":"<!-- VideographyWP Plugin Message: Automatic video embedding prevented by plugin options. -->\n\n<p>El parte policial de este domingo registra que este s\u00e1bado efectivos llevaron a cabo la aprehensi\u00f3n de un sujeto masculino mayor de edad en la intersecci\u00f3n de las calles Ayacucho y Las Provincias, al que al realizarle el control entre sus prendas se pudo encontrar un envoltorio de nylon que conten\u00eda marihuana.<\/p>\n\n\n\n<p>El joven fue aprehendido y trasladado a la comisar\u00eda local donde se realizaron los tr\u00e1mites pertinentes y posterior libertad.<\/p>\n","protected":false},"excerpt":{"rendered":"<p>El parte policial de este domingo registra que este s\u00e1bado efectivos llevaron a cabo la aprehensi\u00f3n de un sujeto masculino mayor de edad en la intersecci\u00f3n de las calles Ayacucho y Las Provincias, al que al realizarle el control entre sus prendas se pudo encontrar un envoltorio de nylon que conten\u00eda marihuana. El joven fue [&hellip;]<\/p>\n","protected":false},"author":4,"featured_media":77910,"comment_status":"open","ping_status":"closed","sticky":false,"template":"","format":"standard","meta":{"om_disable_all_campaigns":false,"_jetpack_memberships_contains_paid_content":false,"footnotes":""},"categories":[2,103],"tags":[197,33,95],"class_list":["post-78415","post","type-post","status-publish","format-standard","has-post-thumbnail","hentry","category-locales","category-policiales-locales","tag-buenos-aires","tag-locales","tag-policiales"],"aioseo_notices":[],"gutentor_comment":0,"jetpack_featured_media_url":"https:\/\/eldiariodesanpedro.com.ar\/sitio\/wp-content\/uploads\/2020\/07\/no_ssowqejple3k931nop1c56465t83uu31kc3o1tm219bh1_1_.jpg","jetpack_shortlink":"https:\/\/wp.me\/p6RhLt-koL","jetpack_sharing_enabled":true,"_links":{"self":[{"href":"https:\/\/eldiariodesanpedro.com.ar\/sitio\/wp-json\/wp\/v2\/posts\/78415","targetHints":{"allow":["GET"]}}],"collection":[{"href":"https:\/\/eldiariodesanpedro.com.ar\/sitio\/wp-json\/wp\/v2\/posts"}],"about":[{"href":"https:\/\/eldiariodesanpedro.com.ar\/sitio\/wp-json\/wp\/v2\/types\/post"}],"author":[{"embeddable":true,"href":"https:\/\/eldiariodesanpedro.com.ar\/sitio\/wp-json\/wp\/v2\/users\/4"}],"replies":[{"embeddable":true,"href":"https:\/\/eldiariodesanpedro.com.ar\/sitio\/wp-json\/wp\/v2\/comments?post=78415"}],"version-history":[{"count":1,"href":"https:\/\/eldiariodesanpedro.com.ar\/sitio\/wp-json\/wp\/v2\/posts\/78415\/revisions"}],"predecessor-version":[{"id":78416,"href":"https:\/\/eldiariodesanpedro.com.ar\/sitio\/wp-json\/wp\/v2\/posts\/78415\/revisions\/78416"}],"wp:featuredmedia":[{"embeddable":true,"href":"https:\/\/eldiariodesanpedro.com.ar\/sitio\/wp-json\/wp\/v2\/media\/77910"}],"wp:attachment":[{"href":"https:\/\/eldiariodesanpedro.com.ar\/sitio\/wp-json\/wp\/v2\/media?parent=78415"}],"wp:term":[{"taxonomy":"category","embeddable":true,"href":"https:\/\/eldiariodesanpedro.com.ar\/sitio\/wp-json\/wp\/v2\/categories?post=78415"},{"taxonomy":"post_tag","embeddable":true,"href":"https:\/\/eldiariodesanpedro.com.ar\/sitio\/wp-json\/wp\/v2\/tags?post=78415"}],"curies":[{"name":"wp","href":"https:\/\/api.w.org\/{rel}","templated":true}]}}