{"id":78413,"date":"2020-07-26T12:39:42","date_gmt":"2020-07-26T15:39:42","guid":{"rendered":"https:\/\/eldiariodesanpedro.com.ar\/sitio\/?p=78413"},"modified":"2020-07-26T12:39:45","modified_gmt":"2020-07-26T15:39:45","slug":"roban-una-motocicleta-y-una-motosierra-en-una-vivienda","status":"publish","type":"post","link":"https:\/\/eldiariodesanpedro.com.ar\/sitio\/roban-una-motocicleta-y-una-motosierra-en-una-vivienda\/","title":{"rendered":"Roban una motocicleta y una motosierra en una vivienda"},"content":{"rendered":"<!-- VideographyWP Plugin Message: Automatic video embedding prevented by plugin options. -->\n\n<p>Este s\u00e1bado se recibi\u00f3 una denuncia en la comisar\u00eda local por parte de un ciudadano mayor de edad que declara que autores ignorados sustraen de su domicilio ubicado en calle Alvear al 1000, una motocicleta marca Gilera Smash 110 cc color azul y negra y una motoguada\u00f1a marca Gamma color roja .<\/p>\n\n\n\n<p>La polic\u00eda de nuestra ciudad investiga el hecho a requerimiento de la fiscal\u00eda de nuestra ciudad con la car\u00e1tula de hurto.<\/p>\n","protected":false},"excerpt":{"rendered":"<p>Este s\u00e1bado se recibi\u00f3 una denuncia en la comisar\u00eda local por parte de un ciudadano mayor de edad que declara que autores ignorados sustraen de su domicilio ubicado en calle Alvear al 1000, una motocicleta marca Gilera Smash 110 cc color azul y negra y una motoguada\u00f1a marca Gamma color roja . La polic\u00eda de [&hellip;]<\/p>\n","protected":false},"author":4,"featured_media":76869,"comment_status":"open","ping_status":"closed","sticky":false,"template":"","format":"standard","meta":{"om_disable_all_campaigns":false,"_jetpack_memberships_contains_paid_content":false,"footnotes":""},"categories":[2,103],"tags":[197,33,95,19],"class_list":["post-78413","post","type-post","status-publish","format-standard","has-post-thumbnail","hentry","category-locales","category-policiales-locales","tag-buenos-aires","tag-locales","tag-policiales","tag-san-pedro"],"aioseo_notices":[],"gutentor_comment":0,"jetpack_featured_media_url":"https:\/\/eldiariodesanpedro.com.ar\/sitio\/wp-content\/uploads\/2020\/06\/no_5xy04oxdoy5kapynop1c2rjhuqt1rjj1ct912k4g249ht1.jpg","jetpack_shortlink":"https:\/\/wp.me\/p6RhLt-koJ","jetpack_sharing_enabled":true,"_links":{"self":[{"href":"https:\/\/eldiariodesanpedro.com.ar\/sitio\/wp-json\/wp\/v2\/posts\/78413","targetHints":{"allow":["GET"]}}],"collection":[{"href":"https:\/\/eldiariodesanpedro.com.ar\/sitio\/wp-json\/wp\/v2\/posts"}],"about":[{"href":"https:\/\/eldiariodesanpedro.com.ar\/sitio\/wp-json\/wp\/v2\/types\/post"}],"author":[{"embeddable":true,"href":"https:\/\/eldiariodesanpedro.com.ar\/sitio\/wp-json\/wp\/v2\/users\/4"}],"replies":[{"embeddable":true,"href":"https:\/\/eldiariodesanpedro.com.ar\/sitio\/wp-json\/wp\/v2\/comments?post=78413"}],"version-history":[{"count":1,"href":"https:\/\/eldiariodesanpedro.com.ar\/sitio\/wp-json\/wp\/v2\/posts\/78413\/revisions"}],"predecessor-version":[{"id":78414,"href":"https:\/\/eldiariodesanpedro.com.ar\/sitio\/wp-json\/wp\/v2\/posts\/78413\/revisions\/78414"}],"wp:featuredmedia":[{"embeddable":true,"href":"https:\/\/eldiariodesanpedro.com.ar\/sitio\/wp-json\/wp\/v2\/media\/76869"}],"wp:attachment":[{"href":"https:\/\/eldiariodesanpedro.com.ar\/sitio\/wp-json\/wp\/v2\/media?parent=78413"}],"wp:term":[{"taxonomy":"category","embeddable":true,"href":"https:\/\/eldiariodesanpedro.com.ar\/sitio\/wp-json\/wp\/v2\/categories?post=78413"},{"taxonomy":"post_tag","embeddable":true,"href":"https:\/\/eldiariodesanpedro.com.ar\/sitio\/wp-json\/wp\/v2\/tags?post=78413"}],"curies":[{"name":"wp","href":"https:\/\/api.w.org\/{rel}","templated":true}]}}