{"id":78400,"date":"2020-07-25T21:52:55","date_gmt":"2020-07-26T00:52:55","guid":{"rendered":"https:\/\/eldiariodesanpedro.com.ar\/sitio\/?p=78400"},"modified":"2020-07-25T21:54:09","modified_gmt":"2020-07-26T00:54:09","slug":"dos-nuevos-muertes-de-abuelos-que-se-sospecha-que-sean-de-personas-con-coronavirus","status":"publish","type":"post","link":"https:\/\/eldiariodesanpedro.com.ar\/sitio\/dos-nuevos-muertes-de-abuelos-que-se-sospecha-que-sean-de-personas-con-coronavirus\/","title":{"rendered":"Dos nuevas muertes de abuelos que se sospechan que sean de personas con coronavirus"},"content":{"rendered":"<!-- VideographyWP Plugin Message: Automatic video embedding prevented by plugin options. -->\n\n<p>La Secretaria de Salud informo el deseo de dos personas pertenecientes al geri\u00e1trico que encontraban internadas en una cl\u00ednica privada y que se sospecha que tambi\u00e9n sean por coronavirus.<\/p>\n\n\n\n<p>Lamentamos informar dos fallecimientos de pacientes, con ex\u00e1menes pendientes. Un hombre de 65 a\u00f1os cuyo cuadro general se agrav\u00f3 en las \u00faltimas horas, y una mujer de 90 a\u00f1os, ambos internados en una cl\u00ednica privada.<\/p>\n\n\n\n<p>El equipo de salud se encuentra en contacto y a disposici\u00f3n de las familias de manera permanente y se realizan todas las gestiones correspondientes para acompa\u00f1ar este dif\u00edcil momento.<\/p>\n","protected":false},"excerpt":{"rendered":"<p>La Secretaria de Salud informo el deseo de dos personas pertenecientes al geri\u00e1trico que encontraban internadas en una cl\u00ednica privada y que se sospecha que tambi\u00e9n sean por coronavirus. Lamentamos informar dos fallecimientos de pacientes, con ex\u00e1menes pendientes. Un hombre de 65 a\u00f1os cuyo cuadro general se agrav\u00f3 en las \u00faltimas horas, y una mujer [&hellip;]<\/p>\n","protected":false},"author":4,"featured_media":77464,"comment_status":"open","ping_status":"closed","sticky":false,"template":"","format":"standard","meta":{"om_disable_all_campaigns":false,"_jetpack_memberships_contains_paid_content":false,"footnotes":""},"categories":[50,101,2],"tags":[197,808,696,33],"class_list":["post-78400","post","type-post","status-publish","format-standard","has-post-thumbnail","hentry","category-destacadas","category-interes-general-locales","category-locales","tag-buenos-aires","tag-coronavirus","tag-interes-general","tag-locales"],"aioseo_notices":[],"gutentor_comment":0,"jetpack_featured_media_url":"https:\/\/eldiariodesanpedro.com.ar\/sitio\/wp-content\/uploads\/2020\/07\/5e87e1dede692.jpeg","jetpack_shortlink":"https:\/\/wp.me\/p6RhLt-kow","jetpack_sharing_enabled":true,"_links":{"self":[{"href":"https:\/\/eldiariodesanpedro.com.ar\/sitio\/wp-json\/wp\/v2\/posts\/78400","targetHints":{"allow":["GET"]}}],"collection":[{"href":"https:\/\/eldiariodesanpedro.com.ar\/sitio\/wp-json\/wp\/v2\/posts"}],"about":[{"href":"https:\/\/eldiariodesanpedro.com.ar\/sitio\/wp-json\/wp\/v2\/types\/post"}],"author":[{"embeddable":true,"href":"https:\/\/eldiariodesanpedro.com.ar\/sitio\/wp-json\/wp\/v2\/users\/4"}],"replies":[{"embeddable":true,"href":"https:\/\/eldiariodesanpedro.com.ar\/sitio\/wp-json\/wp\/v2\/comments?post=78400"}],"version-history":[{"count":2,"href":"https:\/\/eldiariodesanpedro.com.ar\/sitio\/wp-json\/wp\/v2\/posts\/78400\/revisions"}],"predecessor-version":[{"id":78402,"href":"https:\/\/eldiariodesanpedro.com.ar\/sitio\/wp-json\/wp\/v2\/posts\/78400\/revisions\/78402"}],"wp:featuredmedia":[{"embeddable":true,"href":"https:\/\/eldiariodesanpedro.com.ar\/sitio\/wp-json\/wp\/v2\/media\/77464"}],"wp:attachment":[{"href":"https:\/\/eldiariodesanpedro.com.ar\/sitio\/wp-json\/wp\/v2\/media?parent=78400"}],"wp:term":[{"taxonomy":"category","embeddable":true,"href":"https:\/\/eldiariodesanpedro.com.ar\/sitio\/wp-json\/wp\/v2\/categories?post=78400"},{"taxonomy":"post_tag","embeddable":true,"href":"https:\/\/eldiariodesanpedro.com.ar\/sitio\/wp-json\/wp\/v2\/tags?post=78400"}],"curies":[{"name":"wp","href":"https:\/\/api.w.org\/{rel}","templated":true}]}}