{"id":78376,"date":"2020-07-25T14:06:29","date_gmt":"2020-07-25T17:06:29","guid":{"rendered":"https:\/\/eldiariodesanpedro.com.ar\/sitio\/?p=78376"},"modified":"2020-07-25T14:06:34","modified_gmt":"2020-07-25T17:06:34","slug":"san-nicolas-se-hicieron-pasar-por-policias-y-le-robaron-a-una-familia","status":"publish","type":"post","link":"https:\/\/eldiariodesanpedro.com.ar\/sitio\/san-nicolas-se-hicieron-pasar-por-policias-y-le-robaron-a-una-familia\/","title":{"rendered":"SAN NICOL\u00c1S | Se hicieron pasar por polic\u00edas y le robaron a una familia"},"content":{"rendered":"<!-- VideographyWP Plugin Message: Automatic video embedding prevented by plugin options. -->\n\n<p>Una mujer de 29 a\u00f1os, denunci\u00f3 en sede policial que dos sujetos armados ingresaron a su vivienda de barrio Don Miguel, y se llevaron varios objetos de valor.<\/p>\n\n\n\n<p>El hecho ocurri\u00f3 alrededor de las 4:40 de la madrugada, mientras la v\u00edctima dorm\u00eda junto a su grupo familiar. Los ladrones, rompieron la puerta del fondo de la casa y se hicieron pasar por polic\u00edas, apunt\u00e1ndolos con armas blancas.<\/p>\n\n\n\n<p>Se llevaron un televisor; un parlante; una estufa; un secarropas; dos tel\u00e9fonos celulares; dos acolchados; una mochila; $32.000; un par de anteojos recetados y tarjetas y documentaci\u00f3n varias.<\/p>\n\n\n\n<p>Al tomar conocimiento del hecho, personal policial junto a la fiscal\u00eda en turno iniciaron la investigaci\u00f3n, logrando establecer la autor\u00eda del robo por parte de un sujeto de 16 a\u00f1os y otro de 20.<\/p>\n\n\n\n<p>Se solicitaron \u00f3rdenes de allanamiento en calle Martinez al 1000 logr\u00e1ndose el secuestro de prendas de vestir que utilizaron al momento de cometer el il\u00edcito, una mochila negra de la marca Adidas propiedad de la v\u00edctima de autos, dos bagullos de marihuana.<\/p>\n\n\n\n<p>Fuente: <a href=\"http:\/\/www.diarioelinformante.com.ar\/nota-58319_se-hicieron-pasar-por-policas-y-le-robaron-a-una-familia\">Diario El Informante<\/a><\/p>\n","protected":false},"excerpt":{"rendered":"<p>Una mujer de 29 a\u00f1os, denunci\u00f3 en sede policial que dos sujetos armados ingresaron a su vivienda de barrio Don Miguel, y se llevaron varios objetos de valor. El hecho ocurri\u00f3 alrededor de las 4:40 de la madrugada, mientras la v\u00edctima dorm\u00eda junto a su grupo familiar. Los ladrones, rompieron la puerta del fondo de [&hellip;]<\/p>\n","protected":false},"author":4,"featured_media":78377,"comment_status":"open","ping_status":"closed","sticky":false,"template":"","format":"standard","meta":{"om_disable_all_campaigns":false,"_jetpack_memberships_contains_paid_content":false,"footnotes":""},"categories":[621],"tags":[197,681,714],"class_list":["post-78376","post","type-post","status-publish","format-standard","has-post-thumbnail","hentry","category-regionales","tag-buenos-aires","tag-regionales","tag-san-nicolas"],"aioseo_notices":[],"gutentor_comment":0,"jetpack_featured_media_url":"https:\/\/eldiariodesanpedro.com.ar\/sitio\/wp-content\/uploads\/2020\/07\/no_a6fg5wnetujd66jppp.jpg","jetpack_shortlink":"https:\/\/wp.me\/p6RhLt-ko8","jetpack_sharing_enabled":true,"_links":{"self":[{"href":"https:\/\/eldiariodesanpedro.com.ar\/sitio\/wp-json\/wp\/v2\/posts\/78376","targetHints":{"allow":["GET"]}}],"collection":[{"href":"https:\/\/eldiariodesanpedro.com.ar\/sitio\/wp-json\/wp\/v2\/posts"}],"about":[{"href":"https:\/\/eldiariodesanpedro.com.ar\/sitio\/wp-json\/wp\/v2\/types\/post"}],"author":[{"embeddable":true,"href":"https:\/\/eldiariodesanpedro.com.ar\/sitio\/wp-json\/wp\/v2\/users\/4"}],"replies":[{"embeddable":true,"href":"https:\/\/eldiariodesanpedro.com.ar\/sitio\/wp-json\/wp\/v2\/comments?post=78376"}],"version-history":[{"count":1,"href":"https:\/\/eldiariodesanpedro.com.ar\/sitio\/wp-json\/wp\/v2\/posts\/78376\/revisions"}],"predecessor-version":[{"id":78378,"href":"https:\/\/eldiariodesanpedro.com.ar\/sitio\/wp-json\/wp\/v2\/posts\/78376\/revisions\/78378"}],"wp:featuredmedia":[{"embeddable":true,"href":"https:\/\/eldiariodesanpedro.com.ar\/sitio\/wp-json\/wp\/v2\/media\/78377"}],"wp:attachment":[{"href":"https:\/\/eldiariodesanpedro.com.ar\/sitio\/wp-json\/wp\/v2\/media?parent=78376"}],"wp:term":[{"taxonomy":"category","embeddable":true,"href":"https:\/\/eldiariodesanpedro.com.ar\/sitio\/wp-json\/wp\/v2\/categories?post=78376"},{"taxonomy":"post_tag","embeddable":true,"href":"https:\/\/eldiariodesanpedro.com.ar\/sitio\/wp-json\/wp\/v2\/tags?post=78376"}],"curies":[{"name":"wp","href":"https:\/\/api.w.org\/{rel}","templated":true}]}}