{"id":78259,"date":"2020-07-24T08:26:23","date_gmt":"2020-07-24T11:26:23","guid":{"rendered":"https:\/\/eldiariodesanpedro.com.ar\/sitio\/?p=78259"},"modified":"2020-07-24T08:26:24","modified_gmt":"2020-07-24T11:26:24","slug":"cuarta-muerte-con-coronavirus-otra-mujer-del-geriatrico","status":"publish","type":"post","link":"https:\/\/eldiariodesanpedro.com.ar\/sitio\/cuarta-muerte-con-coronavirus-otra-mujer-del-geriatrico\/","title":{"rendered":"Cuarta muerte con Coronavirus, otra mujer del geri\u00e1trico"},"content":{"rendered":"<!-- VideographyWP Plugin Message: Automatic video embedding prevented by plugin options. -->\n\n<p>La Secretar\u00eda de Salud de la Municipalidad de San Pedro lamenta comunicar el deceso de la Sra. Zulma Mar\u00eda Welz, de 78 a\u00f1os, ex residente del geri\u00e1trico que present\u00f3 numerosos casos de Covid-19.<\/p>\n\n\n\n<p>Luego de varios d\u00edas de internaci\u00f3n, la paciente que presentaba factores de riesgo, es el cuarto fallecimiento en nuestro distrito desde que comenz\u00f3 la Pandemia..<\/p>\n\n\n\n<p>A trav\u00e9s de ustedes hacemos llegar nuestras condolencias a su familia y seres queridos.<\/p>\n","protected":false},"excerpt":{"rendered":"<p>La Secretar\u00eda de Salud de la Municipalidad de San Pedro lamenta comunicar el deceso de la Sra. Zulma Mar\u00eda Welz, de 78 a\u00f1os, ex residente del geri\u00e1trico que present\u00f3 numerosos casos de Covid-19. Luego de varios d\u00edas de internaci\u00f3n, la paciente que presentaba factores de riesgo, es el cuarto fallecimiento en nuestro distrito desde que [&hellip;]<\/p>\n","protected":false},"author":4,"featured_media":76753,"comment_status":"open","ping_status":"closed","sticky":false,"template":"","format":"standard","meta":{"om_disable_all_campaigns":false,"_jetpack_memberships_contains_paid_content":false,"footnotes":""},"categories":[50,101,2],"tags":[197,33,19],"class_list":["post-78259","post","type-post","status-publish","format-standard","has-post-thumbnail","hentry","category-destacadas","category-interes-general-locales","category-locales","tag-buenos-aires","tag-locales","tag-san-pedro"],"aioseo_notices":[],"gutentor_comment":0,"jetpack_featured_media_url":"https:\/\/eldiariodesanpedro.com.ar\/sitio\/wp-content\/uploads\/2020\/06\/WhatsApp-Image-2020-06-26-at-20.11.36.jpeg","jetpack_shortlink":"https:\/\/wp.me\/p6RhLt-kmf","jetpack_sharing_enabled":true,"_links":{"self":[{"href":"https:\/\/eldiariodesanpedro.com.ar\/sitio\/wp-json\/wp\/v2\/posts\/78259","targetHints":{"allow":["GET"]}}],"collection":[{"href":"https:\/\/eldiariodesanpedro.com.ar\/sitio\/wp-json\/wp\/v2\/posts"}],"about":[{"href":"https:\/\/eldiariodesanpedro.com.ar\/sitio\/wp-json\/wp\/v2\/types\/post"}],"author":[{"embeddable":true,"href":"https:\/\/eldiariodesanpedro.com.ar\/sitio\/wp-json\/wp\/v2\/users\/4"}],"replies":[{"embeddable":true,"href":"https:\/\/eldiariodesanpedro.com.ar\/sitio\/wp-json\/wp\/v2\/comments?post=78259"}],"version-history":[{"count":1,"href":"https:\/\/eldiariodesanpedro.com.ar\/sitio\/wp-json\/wp\/v2\/posts\/78259\/revisions"}],"predecessor-version":[{"id":78260,"href":"https:\/\/eldiariodesanpedro.com.ar\/sitio\/wp-json\/wp\/v2\/posts\/78259\/revisions\/78260"}],"wp:featuredmedia":[{"embeddable":true,"href":"https:\/\/eldiariodesanpedro.com.ar\/sitio\/wp-json\/wp\/v2\/media\/76753"}],"wp:attachment":[{"href":"https:\/\/eldiariodesanpedro.com.ar\/sitio\/wp-json\/wp\/v2\/media?parent=78259"}],"wp:term":[{"taxonomy":"category","embeddable":true,"href":"https:\/\/eldiariodesanpedro.com.ar\/sitio\/wp-json\/wp\/v2\/categories?post=78259"},{"taxonomy":"post_tag","embeddable":true,"href":"https:\/\/eldiariodesanpedro.com.ar\/sitio\/wp-json\/wp\/v2\/tags?post=78259"}],"curies":[{"name":"wp","href":"https:\/\/api.w.org\/{rel}","templated":true}]}}