{"id":78214,"date":"2020-07-23T11:08:59","date_gmt":"2020-07-23T14:08:59","guid":{"rendered":"https:\/\/eldiariodesanpedro.com.ar\/sitio\/?p=78214"},"modified":"2020-07-23T11:09:03","modified_gmt":"2020-07-23T14:09:03","slug":"detienen-a-delincuente-con-frondosos-antecedentes-que-habia-robado-un-poco-de-carne-a-un-nino-de-15-anos","status":"publish","type":"post","link":"https:\/\/eldiariodesanpedro.com.ar\/sitio\/detienen-a-delincuente-con-frondosos-antecedentes-que-habia-robado-un-poco-de-carne-a-un-nino-de-15-anos\/","title":{"rendered":"Detienen a delincuente con frondosos antecedentes que hab\u00eda robado un poco de carne a un ni\u00f1o de 15 a\u00f1os"},"content":{"rendered":"<!-- VideographyWP Plugin Message: Automatic video embedding prevented by plugin options. -->\n\n<p>En la tarde de ayer personal del gabinete criminol\u00f3gico de la comisar\u00eda y el grupo GTO dirigido por Guillermo Turci, diligenci\u00f3 una orden de allanamiento en el barrio Fonavi I, extendido por la justicia ordinaria. All\u00ed se detuvo a un delincuente de 24 a\u00f1os de edad, de frondosos antecedentes, con pedido de detenci\u00f3n y captura por orden judicial.&nbsp;<\/p>\n\n\n\n<p>La investigaci\u00f3n se dio por parte del personal de la comisar\u00eda en un causa judicial que se tramitaba desde el d\u00eda 11 de julio de 2020 con intervenci\u00f3n de la fiscal\u00eda local tras distintas pruebas recolectadas, se lo indico como autor material del hecho de \u201cRobo Agravado\u201d.\u00a0<\/p>\n\n\n\n<p>El hecho en cuesti\u00f3n inici\u00f3 ese d\u00eda en horas de la tarde, cuando un joven masculino de 15 a\u00f1os de edad, a bordo de su bicicleta&nbsp; hab\u00eda realizado una compra de carne en un comercio, y al llegar a Auli y Bottaro, fue sorprendido por el delincuente ahora detenido, quien agredi\u00f3 f\u00edsicamente haci\u00e9ndolo caer de la bicicleta y le sustrajo la mercader\u00eda (carne) valuada en $200.&nbsp;<\/p>\n\n\n\n<p>Desde la comisi\u00f3n del hecho se trabajaba con el fin de lograr el esclarecimiento del hecho, y tras distintas diligencias, fue extendida la orden de detenci\u00f3n.&nbsp;<\/p>\n\n\n\n<p>El delincuente permanece alojado en sede policial a disposici\u00f3n judicial. El \u00faltimo hecho que protagonizar\u00e1 fue hace pocos d\u00edas el 02 de julio cuando en horas de la madrugada, fuera detenido por robar en reconocido comercio en calle Belgrano al 2000, secuestrando varios efectos que hab\u00eda sustra\u00eddo.<\/p>\n","protected":false},"excerpt":{"rendered":"<p>En la tarde de ayer personal del gabinete criminol\u00f3gico de la comisar\u00eda y el grupo GTO dirigido por Guillermo Turci, diligenci\u00f3 una orden de allanamiento en el barrio Fonavi I, extendido por la justicia ordinaria. All\u00ed se detuvo a un delincuente de 24 a\u00f1os de edad, de frondosos antecedentes, con pedido de detenci\u00f3n y captura [&hellip;]<\/p>\n","protected":false},"author":4,"featured_media":78215,"comment_status":"open","ping_status":"closed","sticky":false,"template":"","format":"standard","meta":{"om_disable_all_campaigns":false,"_jetpack_memberships_contains_paid_content":false,"footnotes":""},"categories":[50,2,103],"tags":[197,26,33,95],"class_list":["post-78214","post","type-post","status-publish","format-standard","has-post-thumbnail","hentry","category-destacadas","category-locales","category-policiales-locales","tag-buenos-aires","tag-detenido","tag-locales","tag-policiales"],"aioseo_notices":[],"gutentor_comment":0,"jetpack_featured_media_url":"https:\/\/eldiariodesanpedro.com.ar\/sitio\/wp-content\/uploads\/2020\/07\/WhatsApp-Image-2020-07-23-at-10.25.18.jpeg","jetpack_shortlink":"https:\/\/wp.me\/p6RhLt-klw","jetpack_sharing_enabled":true,"_links":{"self":[{"href":"https:\/\/eldiariodesanpedro.com.ar\/sitio\/wp-json\/wp\/v2\/posts\/78214","targetHints":{"allow":["GET"]}}],"collection":[{"href":"https:\/\/eldiariodesanpedro.com.ar\/sitio\/wp-json\/wp\/v2\/posts"}],"about":[{"href":"https:\/\/eldiariodesanpedro.com.ar\/sitio\/wp-json\/wp\/v2\/types\/post"}],"author":[{"embeddable":true,"href":"https:\/\/eldiariodesanpedro.com.ar\/sitio\/wp-json\/wp\/v2\/users\/4"}],"replies":[{"embeddable":true,"href":"https:\/\/eldiariodesanpedro.com.ar\/sitio\/wp-json\/wp\/v2\/comments?post=78214"}],"version-history":[{"count":1,"href":"https:\/\/eldiariodesanpedro.com.ar\/sitio\/wp-json\/wp\/v2\/posts\/78214\/revisions"}],"predecessor-version":[{"id":78216,"href":"https:\/\/eldiariodesanpedro.com.ar\/sitio\/wp-json\/wp\/v2\/posts\/78214\/revisions\/78216"}],"wp:featuredmedia":[{"embeddable":true,"href":"https:\/\/eldiariodesanpedro.com.ar\/sitio\/wp-json\/wp\/v2\/media\/78215"}],"wp:attachment":[{"href":"https:\/\/eldiariodesanpedro.com.ar\/sitio\/wp-json\/wp\/v2\/media?parent=78214"}],"wp:term":[{"taxonomy":"category","embeddable":true,"href":"https:\/\/eldiariodesanpedro.com.ar\/sitio\/wp-json\/wp\/v2\/categories?post=78214"},{"taxonomy":"post_tag","embeddable":true,"href":"https:\/\/eldiariodesanpedro.com.ar\/sitio\/wp-json\/wp\/v2\/tags?post=78214"}],"curies":[{"name":"wp","href":"https:\/\/api.w.org\/{rel}","templated":true}]}}