{"id":78212,"date":"2020-07-23T10:09:20","date_gmt":"2020-07-23T13:09:20","guid":{"rendered":"https:\/\/eldiariodesanpedro.com.ar\/sitio\/?p=78212"},"modified":"2020-07-23T10:09:23","modified_gmt":"2020-07-23T13:09:23","slug":"el-tercer-pago-del-ife-se-realizara-a-partir-del-10-de-agosto","status":"publish","type":"post","link":"https:\/\/eldiariodesanpedro.com.ar\/sitio\/el-tercer-pago-del-ife-se-realizara-a-partir-del-10-de-agosto\/","title":{"rendered":"El tercer pago del IFE se realizara a partir del 10 de agosto"},"content":{"rendered":"<!-- VideographyWP Plugin Message: Automatic video embedding prevented by plugin options. -->\n\n<p><em>La ANSES informa que,&nbsp;<strong>a partir del 10 de agosto<\/strong>, se realizar\u00e1 el pago del tercer Ingreso Familiar de Emergencia (IFE) de 10.000 pesos. El mismo se abonar\u00e1 en conjunto con el cronograma de pago de la Asignaci\u00f3n Universal por Hijo (AUH).<\/em><\/p>\n\n\n\n<p><em>El IFE est\u00e1 destinado a cuidar en materia econ\u00f3mica y social a las familias de los sectores m\u00e1s vulnerables que se ven afectadas por la emergencia sanitaria creada por el Coronavirus (COVID19). El bono volver\u00e1 a llegar a casi 9 millones de personas.<\/em><\/p>\n\n\n\n<p><em><strong><a href=\"http:\/\/www.anses.gob.ar\/\" target=\"_blank\" rel=\"noreferrer noopener\">www.anses.gob.ar<\/a><\/strong><\/em><\/p>\n","protected":false},"excerpt":{"rendered":"<p>La ANSES informa que,&nbsp;a partir del 10 de agosto, se realizar\u00e1 el pago del tercer Ingreso Familiar de Emergencia (IFE) de 10.000 pesos. El mismo se abonar\u00e1 en conjunto con el cronograma de pago de la Asignaci\u00f3n Universal por Hijo (AUH). El IFE est\u00e1 destinado a cuidar en materia econ\u00f3mica y social a las familias [&hellip;]<\/p>\n","protected":false},"author":4,"featured_media":74789,"comment_status":"open","ping_status":"closed","sticky":false,"template":"","format":"standard","meta":{"om_disable_all_campaigns":false,"_jetpack_memberships_contains_paid_content":false,"footnotes":""},"categories":[101,2],"tags":[602,197,879,696,33,19],"class_list":["post-78212","post","type-post","status-publish","format-standard","has-post-thumbnail","hentry","category-interes-general-locales","category-locales","tag-anses","tag-buenos-aires","tag-ife","tag-interes-general","tag-locales","tag-san-pedro"],"aioseo_notices":[],"gutentor_comment":0,"jetpack_featured_media_url":"https:\/\/eldiariodesanpedro.com.ar\/sitio\/wp-content\/uploads\/2020\/06\/7UX43JWCHNDJRLLZWBOQGULLCM.jpg","jetpack_shortlink":"https:\/\/wp.me\/p6RhLt-klu","jetpack_sharing_enabled":true,"_links":{"self":[{"href":"https:\/\/eldiariodesanpedro.com.ar\/sitio\/wp-json\/wp\/v2\/posts\/78212","targetHints":{"allow":["GET"]}}],"collection":[{"href":"https:\/\/eldiariodesanpedro.com.ar\/sitio\/wp-json\/wp\/v2\/posts"}],"about":[{"href":"https:\/\/eldiariodesanpedro.com.ar\/sitio\/wp-json\/wp\/v2\/types\/post"}],"author":[{"embeddable":true,"href":"https:\/\/eldiariodesanpedro.com.ar\/sitio\/wp-json\/wp\/v2\/users\/4"}],"replies":[{"embeddable":true,"href":"https:\/\/eldiariodesanpedro.com.ar\/sitio\/wp-json\/wp\/v2\/comments?post=78212"}],"version-history":[{"count":1,"href":"https:\/\/eldiariodesanpedro.com.ar\/sitio\/wp-json\/wp\/v2\/posts\/78212\/revisions"}],"predecessor-version":[{"id":78213,"href":"https:\/\/eldiariodesanpedro.com.ar\/sitio\/wp-json\/wp\/v2\/posts\/78212\/revisions\/78213"}],"wp:featuredmedia":[{"embeddable":true,"href":"https:\/\/eldiariodesanpedro.com.ar\/sitio\/wp-json\/wp\/v2\/media\/74789"}],"wp:attachment":[{"href":"https:\/\/eldiariodesanpedro.com.ar\/sitio\/wp-json\/wp\/v2\/media?parent=78212"}],"wp:term":[{"taxonomy":"category","embeddable":true,"href":"https:\/\/eldiariodesanpedro.com.ar\/sitio\/wp-json\/wp\/v2\/categories?post=78212"},{"taxonomy":"post_tag","embeddable":true,"href":"https:\/\/eldiariodesanpedro.com.ar\/sitio\/wp-json\/wp\/v2\/tags?post=78212"}],"curies":[{"name":"wp","href":"https:\/\/api.w.org\/{rel}","templated":true}]}}