{"id":77952,"date":"2020-07-17T17:46:10","date_gmt":"2020-07-17T20:46:10","guid":{"rendered":"https:\/\/eldiariodesanpedro.com.ar\/sitio\/?p=77952"},"modified":"2020-07-17T17:46:11","modified_gmt":"2020-07-17T20:46:11","slug":"corte-programado-para-el-lunes-20","status":"publish","type":"post","link":"https:\/\/eldiariodesanpedro.com.ar\/sitio\/corte-programado-para-el-lunes-20\/","title":{"rendered":"Corte programado para el lunes 20"},"content":{"rendered":"<!-- VideographyWP Plugin Message: Automatic video embedding prevented by plugin options. -->\n\n<p>COOPSER informa que por tareas de mantenimiento el lunes 20 de julio se cortar\u00e1 el servicio el\u00e9ctrico en la zona de Paraje Colegiales (Callej\u00f3n Panam\u00e9)\u00a0<strong>de 8 a 11.30<\/strong>. Agradecemos la difusi\u00f3n anticipada para que los vecinos de la zona tomen los recaudos pertinentes.<\/p>\n","protected":false},"excerpt":{"rendered":"<p>COOPSER informa que por tareas de mantenimiento el lunes 20 de julio se cortar\u00e1 el servicio el\u00e9ctrico en la zona de Paraje Colegiales (Callej\u00f3n Panam\u00e9)\u00a0de 8 a 11.30. Agradecemos la difusi\u00f3n anticipada para que los vecinos de la zona tomen los recaudos pertinentes.<\/p>\n","protected":false},"author":4,"featured_media":70168,"comment_status":"open","ping_status":"closed","sticky":false,"template":"","format":"standard","meta":{"om_disable_all_campaigns":false,"_jetpack_memberships_contains_paid_content":false,"footnotes":""},"categories":[101,2],"tags":[1046,696,33],"class_list":["post-77952","post","type-post","status-publish","format-standard","has-post-thumbnail","hentry","category-interes-general-locales","category-locales","tag-coopser","tag-interes-general","tag-locales"],"aioseo_notices":[],"gutentor_comment":0,"jetpack_featured_media_url":"https:\/\/eldiariodesanpedro.com.ar\/sitio\/wp-content\/uploads\/2020\/03\/archivo-coopser-1.jpeg","jetpack_shortlink":"https:\/\/wp.me\/p6RhLt-khi","jetpack_sharing_enabled":true,"_links":{"self":[{"href":"https:\/\/eldiariodesanpedro.com.ar\/sitio\/wp-json\/wp\/v2\/posts\/77952","targetHints":{"allow":["GET"]}}],"collection":[{"href":"https:\/\/eldiariodesanpedro.com.ar\/sitio\/wp-json\/wp\/v2\/posts"}],"about":[{"href":"https:\/\/eldiariodesanpedro.com.ar\/sitio\/wp-json\/wp\/v2\/types\/post"}],"author":[{"embeddable":true,"href":"https:\/\/eldiariodesanpedro.com.ar\/sitio\/wp-json\/wp\/v2\/users\/4"}],"replies":[{"embeddable":true,"href":"https:\/\/eldiariodesanpedro.com.ar\/sitio\/wp-json\/wp\/v2\/comments?post=77952"}],"version-history":[{"count":1,"href":"https:\/\/eldiariodesanpedro.com.ar\/sitio\/wp-json\/wp\/v2\/posts\/77952\/revisions"}],"predecessor-version":[{"id":77953,"href":"https:\/\/eldiariodesanpedro.com.ar\/sitio\/wp-json\/wp\/v2\/posts\/77952\/revisions\/77953"}],"wp:featuredmedia":[{"embeddable":true,"href":"https:\/\/eldiariodesanpedro.com.ar\/sitio\/wp-json\/wp\/v2\/media\/70168"}],"wp:attachment":[{"href":"https:\/\/eldiariodesanpedro.com.ar\/sitio\/wp-json\/wp\/v2\/media?parent=77952"}],"wp:term":[{"taxonomy":"category","embeddable":true,"href":"https:\/\/eldiariodesanpedro.com.ar\/sitio\/wp-json\/wp\/v2\/categories?post=77952"},{"taxonomy":"post_tag","embeddable":true,"href":"https:\/\/eldiariodesanpedro.com.ar\/sitio\/wp-json\/wp\/v2\/tags?post=77952"}],"curies":[{"name":"wp","href":"https:\/\/api.w.org\/{rel}","templated":true}]}}