{"id":77862,"date":"2020-07-16T10:39:59","date_gmt":"2020-07-16T13:39:59","guid":{"rendered":"https:\/\/eldiariodesanpedro.com.ar\/sitio\/?p=77862"},"modified":"2020-07-16T10:40:03","modified_gmt":"2020-07-16T13:40:03","slug":"vercelli-hermanos-corto-los-viajes-a-rio-tala","status":"publish","type":"post","link":"https:\/\/eldiariodesanpedro.com.ar\/sitio\/vercelli-hermanos-corto-los-viajes-a-rio-tala\/","title":{"rendered":"Vercelli Hermanos corto los viajes a R\u00edo Tala"},"content":{"rendered":"<!-- VideographyWP Plugin Message: Automatic video embedding prevented by plugin options. -->\n\n<p>Como ya hab\u00eda ocurrido d\u00edas atr\u00e1s con la localidad de Vuelta de Obligado la empresa de transporte Verselli Hermanos tom\u00f3 la decisi\u00f3n de restringir el servicio de viajes de San Pedro a R\u00edo tala.<\/p>\n\n\n\n<p>La informaci\u00f3n se conoci\u00f3 en la ma\u00f1ana de este jueves cuando pasajeros que se dispon\u00edan a tomar el servicio que circula a las 8 hs desde la vecina localidad se quedaron el garita esperando un colectivo que nunca llego.<\/p>\n\n\n\n<p>Desde la empresa se justificaron informando que en los \u00faltimos tiempos solo han tenido un solo pasajero en sus cuatro viajes que realiza la empresa y algunos d\u00edas directamente los colectivos viajaban vac\u00edos.<\/p>\n\n\n\n<p>Por este motivo la empresa decidi\u00f3 cortar el servicio hasta poder llegar a un acuerdo con las autoridades municipales, al igual que paso con la localidad de Vuelta de Obligado dejando un servicio muy reducido.<\/p>\n\n\n\n<p> <\/p>\n","protected":false},"excerpt":{"rendered":"<p>Como ya hab\u00eda ocurrido d\u00edas atr\u00e1s con la localidad de Vuelta de Obligado la empresa de transporte Verselli Hermanos tom\u00f3 la decisi\u00f3n de restringir el servicio de viajes de San Pedro a R\u00edo tala. La informaci\u00f3n se conoci\u00f3 en la ma\u00f1ana de este jueves cuando pasajeros que se dispon\u00edan a tomar el servicio que circula [&hellip;]<\/p>\n","protected":false},"author":4,"featured_media":74425,"comment_status":"open","ping_status":"closed","sticky":false,"template":"","format":"standard","meta":{"om_disable_all_campaigns":false,"_jetpack_memberships_contains_paid_content":false,"footnotes":""},"categories":[50,101,2],"tags":[197,1100,33,881,19,1177],"class_list":["post-77862","post","type-post","status-publish","format-standard","has-post-thumbnail","hentry","category-destacadas","category-interes-general-locales","category-locales","tag-buenos-aires","tag-colectivos","tag-locales","tag-rio-tala","tag-san-pedro","tag-vercelli"],"aioseo_notices":[],"gutentor_comment":0,"jetpack_featured_media_url":"https:\/\/eldiariodesanpedro.com.ar\/sitio\/wp-content\/uploads\/2020\/05\/no_oc12v75om5x6tqmupraveny_IMG_20190925_000003.jpg","jetpack_shortlink":"https:\/\/wp.me\/p6RhLt-kfQ","jetpack_sharing_enabled":true,"_links":{"self":[{"href":"https:\/\/eldiariodesanpedro.com.ar\/sitio\/wp-json\/wp\/v2\/posts\/77862","targetHints":{"allow":["GET"]}}],"collection":[{"href":"https:\/\/eldiariodesanpedro.com.ar\/sitio\/wp-json\/wp\/v2\/posts"}],"about":[{"href":"https:\/\/eldiariodesanpedro.com.ar\/sitio\/wp-json\/wp\/v2\/types\/post"}],"author":[{"embeddable":true,"href":"https:\/\/eldiariodesanpedro.com.ar\/sitio\/wp-json\/wp\/v2\/users\/4"}],"replies":[{"embeddable":true,"href":"https:\/\/eldiariodesanpedro.com.ar\/sitio\/wp-json\/wp\/v2\/comments?post=77862"}],"version-history":[{"count":1,"href":"https:\/\/eldiariodesanpedro.com.ar\/sitio\/wp-json\/wp\/v2\/posts\/77862\/revisions"}],"predecessor-version":[{"id":77863,"href":"https:\/\/eldiariodesanpedro.com.ar\/sitio\/wp-json\/wp\/v2\/posts\/77862\/revisions\/77863"}],"wp:featuredmedia":[{"embeddable":true,"href":"https:\/\/eldiariodesanpedro.com.ar\/sitio\/wp-json\/wp\/v2\/media\/74425"}],"wp:attachment":[{"href":"https:\/\/eldiariodesanpedro.com.ar\/sitio\/wp-json\/wp\/v2\/media?parent=77862"}],"wp:term":[{"taxonomy":"category","embeddable":true,"href":"https:\/\/eldiariodesanpedro.com.ar\/sitio\/wp-json\/wp\/v2\/categories?post=77862"},{"taxonomy":"post_tag","embeddable":true,"href":"https:\/\/eldiariodesanpedro.com.ar\/sitio\/wp-json\/wp\/v2\/tags?post=77862"}],"curies":[{"name":"wp","href":"https:\/\/api.w.org\/{rel}","templated":true}]}}