{"id":77859,"date":"2020-07-16T10:28:23","date_gmt":"2020-07-16T13:28:23","guid":{"rendered":"https:\/\/eldiariodesanpedro.com.ar\/sitio\/?p=77859"},"modified":"2020-07-16T10:28:27","modified_gmt":"2020-07-16T13:28:27","slug":"disponen-una-custodia-policial-para-la-pareja-agredida-en-santa-lucia","status":"publish","type":"post","link":"https:\/\/eldiariodesanpedro.com.ar\/sitio\/disponen-una-custodia-policial-para-la-pareja-agredida-en-santa-lucia\/","title":{"rendered":"Disponen una custodia policial para la pareja agredida en Santa Luc\u00eda"},"content":{"rendered":"<!-- VideographyWP Plugin Message: Automatic video embedding prevented by plugin options. -->\n\n<p>Lo decidieron las autoridades por las cercan\u00eda en que viven sus agresores y por precauci\u00f3n para que no se repita el episodio.<\/p>\n\n\n\n<p>Tras el grave episodio acontecido el \u00faltimo viernes en la localidad de Santa Luc\u00eda las autoridades competentes decidieron que una patrulla policial permanezca en inmediaciones de la casa de la pareja a modo de prevenci\u00f3n y resguardo debido a la cercan\u00eda en que viven quienes protagonizaron el repudiable acto.<\/p>\n\n\n\n<p>Incre\u00edblemente lo acontecido fue tan grave que ahora son las propias v\u00edctimas quienes tienen que vivir custodiados.<\/p>\n\n\n\n<p>Sobre lo acontecido ya est\u00e1 radicada la denuncia en la Comisar\u00eda de la Mujer, la Fiscal\u00eda eval\u00faa los pasos a seguir y distintas entidades intermedias se han solidarizado con los j\u00f3venes artistas de 26 y 27 a\u00f1os.<\/p>\n\n\n\n<p>El incre\u00edble acto homof\u00f3bico se produjo en un kiosco ubicado sobre la calle O\u2019farrell adonde el joven de 26 a\u00f1os hab\u00eda concurrido a comprar. All\u00ed las empleadas le indicaron que por orden de los due\u00f1os no les pod\u00edan vender por una presunta deuda y se retir\u00f3 previo a discutir con la hija del due\u00f1o.<\/p>\n\n\n\n<p>Posteriormente el comerciante, un reconocido vecino de 58 a\u00f1os y su yerno de 28, llegaron hasta el domicilio de la pareja para comenzar a amenazarlos hasta llegar a golpearlos. No obstante en medio de la discusi\u00f3n hubo insultos, hasta intentar justificar el acto por la condici\u00f3n de homosexuales de las v\u00edctimas.<\/p>\n\n\n\n<p>Los j\u00f3venes agredidos tuvieron que ser asistidos en el Hospital de Santa Luc\u00eda ya que uno de estos hab\u00eda sufrido traumatismos y escoriaciones por los golpes recibidos.<\/p>\n\n\n\n<p>Fuente: <a href=\"https:\/\/www.sanpedroinforma.com.ar\/nota\/123484\/interes-general\/disponen-una-custodia-policial-para-la-pareja-agredida-en-santa-lucia.html\">San Pedro Informa<\/a><\/p>\n","protected":false},"excerpt":{"rendered":"<p>Lo decidieron las autoridades por las cercan\u00eda en que viven sus agresores y por precauci\u00f3n para que no se repita el episodio. Tras el grave episodio acontecido el \u00faltimo viernes en la localidad de Santa Luc\u00eda las autoridades competentes decidieron que una patrulla policial permanezca en inmediaciones de la casa de la pareja a modo [&hellip;]<\/p>\n","protected":false},"author":4,"featured_media":77860,"comment_status":"open","ping_status":"closed","sticky":false,"template":"","format":"standard","meta":{"om_disable_all_campaigns":false,"_jetpack_memberships_contains_paid_content":false,"footnotes":""},"categories":[50,101,2],"tags":[197,33,19],"class_list":["post-77859","post","type-post","status-publish","format-standard","has-post-thumbnail","hentry","category-destacadas","category-interes-general-locales","category-locales","tag-buenos-aires","tag-locales","tag-san-pedro"],"aioseo_notices":[],"gutentor_comment":0,"jetpack_featured_media_url":"https:\/\/eldiariodesanpedro.com.ar\/sitio\/wp-content\/uploads\/2020\/07\/000085506.jpg","jetpack_shortlink":"https:\/\/wp.me\/p6RhLt-kfN","jetpack_sharing_enabled":true,"_links":{"self":[{"href":"https:\/\/eldiariodesanpedro.com.ar\/sitio\/wp-json\/wp\/v2\/posts\/77859","targetHints":{"allow":["GET"]}}],"collection":[{"href":"https:\/\/eldiariodesanpedro.com.ar\/sitio\/wp-json\/wp\/v2\/posts"}],"about":[{"href":"https:\/\/eldiariodesanpedro.com.ar\/sitio\/wp-json\/wp\/v2\/types\/post"}],"author":[{"embeddable":true,"href":"https:\/\/eldiariodesanpedro.com.ar\/sitio\/wp-json\/wp\/v2\/users\/4"}],"replies":[{"embeddable":true,"href":"https:\/\/eldiariodesanpedro.com.ar\/sitio\/wp-json\/wp\/v2\/comments?post=77859"}],"version-history":[{"count":1,"href":"https:\/\/eldiariodesanpedro.com.ar\/sitio\/wp-json\/wp\/v2\/posts\/77859\/revisions"}],"predecessor-version":[{"id":77861,"href":"https:\/\/eldiariodesanpedro.com.ar\/sitio\/wp-json\/wp\/v2\/posts\/77859\/revisions\/77861"}],"wp:featuredmedia":[{"embeddable":true,"href":"https:\/\/eldiariodesanpedro.com.ar\/sitio\/wp-json\/wp\/v2\/media\/77860"}],"wp:attachment":[{"href":"https:\/\/eldiariodesanpedro.com.ar\/sitio\/wp-json\/wp\/v2\/media?parent=77859"}],"wp:term":[{"taxonomy":"category","embeddable":true,"href":"https:\/\/eldiariodesanpedro.com.ar\/sitio\/wp-json\/wp\/v2\/categories?post=77859"},{"taxonomy":"post_tag","embeddable":true,"href":"https:\/\/eldiariodesanpedro.com.ar\/sitio\/wp-json\/wp\/v2\/tags?post=77859"}],"curies":[{"name":"wp","href":"https:\/\/api.w.org\/{rel}","templated":true}]}}