{"id":77857,"date":"2020-07-16T10:22:40","date_gmt":"2020-07-16T13:22:40","guid":{"rendered":"https:\/\/eldiariodesanpedro.com.ar\/sitio\/?p=77857"},"modified":"2020-07-16T10:22:45","modified_gmt":"2020-07-16T13:22:45","slug":"seis-nuevos-casos-positivos-de-los-cuales-dos-pertenecen-al-geriatrico","status":"publish","type":"post","link":"https:\/\/eldiariodesanpedro.com.ar\/sitio\/seis-nuevos-casos-positivos-de-los-cuales-dos-pertenecen-al-geriatrico\/","title":{"rendered":"Seis nuevos casos positivos, de los cuales dos pertenecen al geri\u00e1trico"},"content":{"rendered":"<!-- VideographyWP Plugin Message: Automatic video embedding prevented by plugin options. -->\n\n<p>Este mi\u00e9rcoles se realizo una nueva conferencia de prensa en el palacio municipal con la presencia del Director de Modernizaci\u00f3n Hern\u00e1n Contreras, integrante del Comit\u00e9 de Crisis y el Dr. Guillermo Sancho, Secretario de Salud, quienes brindaron el informe sobre la evoluci\u00f3n de la Pandemia de Covid-19 en el Partido de San Pedro, donde se confirmaron 6 casos positivos de los 21 muestras pendientes del pasado domingo, dos de los cuales pertenecen a abuelos del geri\u00e1trico Residencia de Luz.<\/p>\n\n\n\n<p>La Secretar\u00eda de Salud de la Municipalidad de San Pedro informa que se recibieron esta noche 21 muestras enviadas el domingo 12 de julio. Las mismas presentan 14 casos negativos, 6 casos positivos y 1 muestra hay que realizarla nuevamente.<\/p>\n\n\n\n<p>Los casos positivos corresponden a tres hombres de 27, 33 y 48 a\u00f1os; y tres mujeres de 60, 77 y 92 a\u00f1os.<\/p>\n\n\n\n<p>Quedan pendientes las 27 muestras enviadas ayer m\u00e1s 22 enviadas hoy.<\/p>\n\n\n\n<p>Las muestras enviadas hoy corresponden a 11 hombres de 15, 32, 34, 37, 45, 50, 74, 81, 82, 84, 85 y 11 mujeres de 13, 28, 40, 29, 39 (2), 41, 75, 78, 80 y 87.<\/p>\n\n\n\n<p>De acuerdo al criterio determinado por el Ministerio de Salud, se incorporaron al listado de recuperados 2 pacientes. Una mujer de 40 y un hombre de 30 a\u00f1os.<\/p>\n\n\n\n<p>RESUMEN<br>Nuevas muestras enviadas: 22<br>Muestras Pendientes: 49<br>Nuevas muestras negativas: 14<br>Nuevos Casos Positivos: 6<br>Total de confirmados: 94<br>Total de casos activos: 27<br>Total de casos recuperados: 65<br>Total de casos fallecidos: 2<br>Total de muestras negativas: 406<\/p>\n\n\n\n<p>Se recuerda que, ante s\u00edntomas de tos seca, fiebre y dolor de garganta y la probabilidad de haber estado en contacto con enfermos o viajeros llegados desde las zonas transmisi\u00f3n local o comunitaria se puede llamar al 148 o 107.<\/p>\n","protected":false},"excerpt":{"rendered":"<p>Este mi\u00e9rcoles se realizo una nueva conferencia de prensa en el palacio municipal con la presencia del Director de Modernizaci\u00f3n Hern\u00e1n Contreras, integrante del Comit\u00e9 de Crisis y el Dr. Guillermo Sancho, Secretario de Salud, quienes brindaron el informe sobre la evoluci\u00f3n de la Pandemia de Covid-19 en el Partido de San Pedro, donde se [&hellip;]<\/p>\n","protected":false},"author":4,"featured_media":77072,"comment_status":"open","ping_status":"closed","sticky":false,"template":"","format":"standard","meta":{"om_disable_all_campaigns":false,"_jetpack_memberships_contains_paid_content":false,"footnotes":""},"categories":[50,101,2],"tags":[197,33,19],"class_list":["post-77857","post","type-post","status-publish","format-standard","has-post-thumbnail","hentry","category-destacadas","category-interes-general-locales","category-locales","tag-buenos-aires","tag-locales","tag-san-pedro"],"aioseo_notices":[],"gutentor_comment":0,"jetpack_featured_media_url":"https:\/\/eldiariodesanpedro.com.ar\/sitio\/wp-content\/uploads\/2020\/07\/test-de-covid-19_1.jpg","jetpack_shortlink":"https:\/\/wp.me\/p6RhLt-kfL","jetpack_sharing_enabled":true,"_links":{"self":[{"href":"https:\/\/eldiariodesanpedro.com.ar\/sitio\/wp-json\/wp\/v2\/posts\/77857","targetHints":{"allow":["GET"]}}],"collection":[{"href":"https:\/\/eldiariodesanpedro.com.ar\/sitio\/wp-json\/wp\/v2\/posts"}],"about":[{"href":"https:\/\/eldiariodesanpedro.com.ar\/sitio\/wp-json\/wp\/v2\/types\/post"}],"author":[{"embeddable":true,"href":"https:\/\/eldiariodesanpedro.com.ar\/sitio\/wp-json\/wp\/v2\/users\/4"}],"replies":[{"embeddable":true,"href":"https:\/\/eldiariodesanpedro.com.ar\/sitio\/wp-json\/wp\/v2\/comments?post=77857"}],"version-history":[{"count":1,"href":"https:\/\/eldiariodesanpedro.com.ar\/sitio\/wp-json\/wp\/v2\/posts\/77857\/revisions"}],"predecessor-version":[{"id":77858,"href":"https:\/\/eldiariodesanpedro.com.ar\/sitio\/wp-json\/wp\/v2\/posts\/77857\/revisions\/77858"}],"wp:featuredmedia":[{"embeddable":true,"href":"https:\/\/eldiariodesanpedro.com.ar\/sitio\/wp-json\/wp\/v2\/media\/77072"}],"wp:attachment":[{"href":"https:\/\/eldiariodesanpedro.com.ar\/sitio\/wp-json\/wp\/v2\/media?parent=77857"}],"wp:term":[{"taxonomy":"category","embeddable":true,"href":"https:\/\/eldiariodesanpedro.com.ar\/sitio\/wp-json\/wp\/v2\/categories?post=77857"},{"taxonomy":"post_tag","embeddable":true,"href":"https:\/\/eldiariodesanpedro.com.ar\/sitio\/wp-json\/wp\/v2\/tags?post=77857"}],"curies":[{"name":"wp","href":"https:\/\/api.w.org\/{rel}","templated":true}]}}