{"id":77852,"date":"2020-07-15T18:34:26","date_gmt":"2020-07-15T21:34:26","guid":{"rendered":"https:\/\/eldiariodesanpedro.com.ar\/sitio\/?p=77852"},"modified":"2020-07-15T18:34:28","modified_gmt":"2020-07-15T21:34:28","slug":"escobar-bomberos-rescatan-a-siete-cachorros-de-un-incendio-en-un-campo-de-matheu","status":"publish","type":"post","link":"https:\/\/eldiariodesanpedro.com.ar\/sitio\/escobar-bomberos-rescatan-a-siete-cachorros-de-un-incendio-en-un-campo-de-matheu\/","title":{"rendered":"ESCOBAR | Bomberos rescatan a siete cachorros de un incendio en un campo de Matheu"},"content":{"rendered":"<!-- VideographyWP Plugin Message: Automatic video embedding prevented by plugin options. -->\n\n<p>Estaban ocultos en el hueco de un \u00e1rbol quemado. Al ver que la madre no aparec\u00eda, los servidores p\u00fablicos los llevaron al destacamento y publicaron el hecho en Facebook. Enseguida aparecieron interesados en adoptarlos.<\/p>\n\n\n\n<p>Un inusual y tierno suceso tuvo lugar este domingo a la tarde en Matheu, donde los bomberos voluntarios de esa localidad rescataron a siete perros cachorros de un incendio de campo y los llevaron al destacamento para darlos en adopci\u00f3n.<\/p>\n\n\n\n<p>El fuego se origin\u00f3 alrededor de las 16 en un predio ubicado sobre la calle Yapey\u00fa. Los servidores p\u00fablicos llegaron al lugar en tres m\u00f3viles y trabajaron en un \u00e1rea de nueve hect\u00e1reas, al mando del oficial Horacio Romero.<\/p>\n\n\n\n<p>Mientras combat\u00edan las llamas, encontraron que en el hueco de un \u00e1rbol que se hab\u00eda quemado estaban ocultos siete cachorritos: dos machos y cinco hembras.<\/p>\n\n\n\n<p>Mientras realizaban otras labores, los bomberos aguardaron una hora a que la madre de los peque\u00f1os regresara con ellos. Al no ocurrir y habiendo terminado su tarea, los llevaron con ellos al destacamento.<\/p>\n\n\n\n<p>Enseguida publicaron en Facebook una foto de tres efectivos con los cachorros en sus manos para compartir la noticia con la comunidad. De inmediato aparecieron interesados en adoptarlos y en cuesti\u00f3n de minutos cada uno de los siete cachorros consigui\u00f3 un nuevo hogar.<\/p>\n\n\n\n<p>Una tierna historia, en medio de un incendio que no dej\u00f3 m\u00e1s consecuencias que pastizales quemados pero le alegr\u00f3 el fin de semana a siete familias, que ahora tienen una nueva y especial mascota de compa\u00f1\u00eda.<\/p>\n\n\n\n<p>Fuente: <a href=\"https:\/\/www.eldiadeescobar.com.ar\/\">El Dia de Escobar<\/a><\/p>\n","protected":false},"excerpt":{"rendered":"<p>Estaban ocultos en el hueco de un \u00e1rbol quemado. Al ver que la madre no aparec\u00eda, los servidores p\u00fablicos los llevaron al destacamento y publicaron el hecho en Facebook. Enseguida aparecieron interesados en adoptarlos. Un inusual y tierno suceso tuvo lugar este domingo a la tarde en Matheu, donde los bomberos voluntarios de esa localidad [&hellip;]<\/p>\n","protected":false},"author":4,"featured_media":77853,"comment_status":"open","ping_status":"closed","sticky":false,"template":"","format":"standard","meta":{"om_disable_all_campaigns":false,"_jetpack_memberships_contains_paid_content":false,"footnotes":""},"categories":[621],"tags":[139,197,681],"class_list":["post-77852","post","type-post","status-publish","format-standard","has-post-thumbnail","hentry","category-regionales","tag-baradero","tag-buenos-aires","tag-regionales"],"aioseo_notices":[],"gutentor_comment":0,"jetpack_featured_media_url":"https:\/\/eldiariodesanpedro.com.ar\/sitio\/wp-content\/uploads\/2020\/07\/bvrs.jpg","jetpack_shortlink":"https:\/\/wp.me\/p6RhLt-kfG","jetpack_sharing_enabled":true,"_links":{"self":[{"href":"https:\/\/eldiariodesanpedro.com.ar\/sitio\/wp-json\/wp\/v2\/posts\/77852","targetHints":{"allow":["GET"]}}],"collection":[{"href":"https:\/\/eldiariodesanpedro.com.ar\/sitio\/wp-json\/wp\/v2\/posts"}],"about":[{"href":"https:\/\/eldiariodesanpedro.com.ar\/sitio\/wp-json\/wp\/v2\/types\/post"}],"author":[{"embeddable":true,"href":"https:\/\/eldiariodesanpedro.com.ar\/sitio\/wp-json\/wp\/v2\/users\/4"}],"replies":[{"embeddable":true,"href":"https:\/\/eldiariodesanpedro.com.ar\/sitio\/wp-json\/wp\/v2\/comments?post=77852"}],"version-history":[{"count":1,"href":"https:\/\/eldiariodesanpedro.com.ar\/sitio\/wp-json\/wp\/v2\/posts\/77852\/revisions"}],"predecessor-version":[{"id":77854,"href":"https:\/\/eldiariodesanpedro.com.ar\/sitio\/wp-json\/wp\/v2\/posts\/77852\/revisions\/77854"}],"wp:featuredmedia":[{"embeddable":true,"href":"https:\/\/eldiariodesanpedro.com.ar\/sitio\/wp-json\/wp\/v2\/media\/77853"}],"wp:attachment":[{"href":"https:\/\/eldiariodesanpedro.com.ar\/sitio\/wp-json\/wp\/v2\/media?parent=77852"}],"wp:term":[{"taxonomy":"category","embeddable":true,"href":"https:\/\/eldiariodesanpedro.com.ar\/sitio\/wp-json\/wp\/v2\/categories?post=77852"},{"taxonomy":"post_tag","embeddable":true,"href":"https:\/\/eldiariodesanpedro.com.ar\/sitio\/wp-json\/wp\/v2\/tags?post=77852"}],"curies":[{"name":"wp","href":"https:\/\/api.w.org\/{rel}","templated":true}]}}