{"id":77849,"date":"2020-07-15T18:32:01","date_gmt":"2020-07-15T21:32:01","guid":{"rendered":"https:\/\/eldiariodesanpedro.com.ar\/sitio\/?p=77849"},"modified":"2020-07-15T18:32:03","modified_gmt":"2020-07-15T21:32:03","slug":"san-nicolas-lo-buscaban-por-abuso-sexual-reiterado","status":"publish","type":"post","link":"https:\/\/eldiariodesanpedro.com.ar\/sitio\/san-nicolas-lo-buscaban-por-abuso-sexual-reiterado\/","title":{"rendered":"SAN NICOL\u00c1S | Lo buscaban por abuso sexual reiterado"},"content":{"rendered":"<!-- VideographyWP Plugin Message: Automatic video embedding prevented by plugin options. -->\n\n<p>En el marco de los controles realizados por personal de la Polic\u00eda Local, fue identificado un sujeto de 49 a\u00f1os sobre quien pesaban dos pedidos de captura activos. Uno, con fecha de alta 14 de agosto de 2014, es a solicitud de la C\u00e1mara Primera en lo Criminal Sala 1 de Paran\u00e1, Entre R\u00edos por una causa por abuso sexual sin acceso carnal reiterado y agravado por la situaci\u00f3n de convivencia con la v\u00edctima.<\/p>\n\n\n\n<p>El otro tiene fecha 31 de octubre de 2017, a pedido. del Juzgado Correccional 1 de Entre R\u00edos por una causa caratulada Abuso sexual.<br><br>Fue interceptado en Rivadavia y Ponce de Le\u00f3n en San Nicol\u00e1s y fue trasladado a sede policial donde se labraron las actuaciones correspondientes.<\/p>\n\n\n\n<p>Fuente: <a href=\"http:\/\/www.diarioelinformante.com.ar\/\">Diario El Informante<\/a><\/p>\n","protected":false},"excerpt":{"rendered":"<p>En el marco de los controles realizados por personal de la Polic\u00eda Local, fue identificado un sujeto de 49 a\u00f1os sobre quien pesaban dos pedidos de captura activos. Uno, con fecha de alta 14 de agosto de 2014, es a solicitud de la C\u00e1mara Primera en lo Criminal Sala 1 de Paran\u00e1, Entre R\u00edos por [&hellip;]<\/p>\n","protected":false},"author":4,"featured_media":77850,"comment_status":"open","ping_status":"closed","sticky":false,"template":"","format":"standard","meta":{"om_disable_all_campaigns":false,"_jetpack_memberships_contains_paid_content":false,"footnotes":""},"categories":[621],"tags":[197,681,714],"class_list":["post-77849","post","type-post","status-publish","format-standard","has-post-thumbnail","hentry","category-regionales","tag-buenos-aires","tag-regionales","tag-san-nicolas"],"aioseo_notices":[],"gutentor_comment":0,"jetpack_featured_media_url":"https:\/\/eldiariodesanpedro.com.ar\/sitio\/wp-content\/uploads\/2020\/07\/captura_de_pantalla_de_2020-07-15_13-02-20.jpg","jetpack_shortlink":"https:\/\/wp.me\/p6RhLt-kfD","jetpack_sharing_enabled":true,"_links":{"self":[{"href":"https:\/\/eldiariodesanpedro.com.ar\/sitio\/wp-json\/wp\/v2\/posts\/77849","targetHints":{"allow":["GET"]}}],"collection":[{"href":"https:\/\/eldiariodesanpedro.com.ar\/sitio\/wp-json\/wp\/v2\/posts"}],"about":[{"href":"https:\/\/eldiariodesanpedro.com.ar\/sitio\/wp-json\/wp\/v2\/types\/post"}],"author":[{"embeddable":true,"href":"https:\/\/eldiariodesanpedro.com.ar\/sitio\/wp-json\/wp\/v2\/users\/4"}],"replies":[{"embeddable":true,"href":"https:\/\/eldiariodesanpedro.com.ar\/sitio\/wp-json\/wp\/v2\/comments?post=77849"}],"version-history":[{"count":1,"href":"https:\/\/eldiariodesanpedro.com.ar\/sitio\/wp-json\/wp\/v2\/posts\/77849\/revisions"}],"predecessor-version":[{"id":77851,"href":"https:\/\/eldiariodesanpedro.com.ar\/sitio\/wp-json\/wp\/v2\/posts\/77849\/revisions\/77851"}],"wp:featuredmedia":[{"embeddable":true,"href":"https:\/\/eldiariodesanpedro.com.ar\/sitio\/wp-json\/wp\/v2\/media\/77850"}],"wp:attachment":[{"href":"https:\/\/eldiariodesanpedro.com.ar\/sitio\/wp-json\/wp\/v2\/media?parent=77849"}],"wp:term":[{"taxonomy":"category","embeddable":true,"href":"https:\/\/eldiariodesanpedro.com.ar\/sitio\/wp-json\/wp\/v2\/categories?post=77849"},{"taxonomy":"post_tag","embeddable":true,"href":"https:\/\/eldiariodesanpedro.com.ar\/sitio\/wp-json\/wp\/v2\/tags?post=77849"}],"curies":[{"name":"wp","href":"https:\/\/api.w.org\/{rel}","templated":true}]}}