{"id":77847,"date":"2020-07-15T18:26:17","date_gmt":"2020-07-15T21:26:17","guid":{"rendered":"https:\/\/eldiariodesanpedro.com.ar\/sitio\/?p=77847"},"modified":"2020-07-15T18:26:19","modified_gmt":"2020-07-15T21:26:19","slug":"san-nicolas-septimo-caso-de-covid-19-en-san-nicolas","status":"publish","type":"post","link":"https:\/\/eldiariodesanpedro.com.ar\/sitio\/san-nicolas-septimo-caso-de-covid-19-en-san-nicolas\/","title":{"rendered":"SAN NICOL\u00c1S | S\u00e9ptimo caso de Covid-19 en San Nicol\u00e1s"},"content":{"rendered":"<!-- VideographyWP Plugin Message: Automatic video embedding prevented by plugin options. -->\n\n<p>El Intendente Manuel Passaglia comunic\u00f3 en su cuenta de Instagram que fueron informados sobre un nuevo caso de coronavirus en San Nicol\u00e1s.<\/p>\n\n\n\n<p>Se trata de una persona que es del grupo conviviente de otro caso positivo de la ciudad.<\/p>\n\n\n\n<p>De esta manera en San Nicol\u00e1s contamos siete casos de Covid-19 activos. Todos se encuentran cumpliendo el aislamiento correspondiente.<\/p>\n\n\n\n<p>Fuente: <a href=\"http:\/\/www.diarioelinformante.com.ar\/nota-58197_sptimo-caso-de-covid-19-en-san-nicols-\">Diario El Informante<\/a><\/p>\n","protected":false},"excerpt":{"rendered":"<p>El Intendente Manuel Passaglia comunic\u00f3 en su cuenta de Instagram que fueron informados sobre un nuevo caso de coronavirus en San Nicol\u00e1s. Se trata de una persona que es del grupo conviviente de otro caso positivo de la ciudad. De esta manera en San Nicol\u00e1s contamos siete casos de Covid-19 activos. Todos se encuentran cumpliendo [&hellip;]<\/p>\n","protected":false},"author":4,"featured_media":77271,"comment_status":"open","ping_status":"closed","sticky":false,"template":"","format":"standard","meta":{"om_disable_all_campaigns":false,"_jetpack_memberships_contains_paid_content":false,"footnotes":""},"categories":[621],"tags":[197,681,714],"class_list":["post-77847","post","type-post","status-publish","format-standard","has-post-thumbnail","hentry","category-regionales","tag-buenos-aires","tag-regionales","tag-san-nicolas"],"aioseo_notices":[],"gutentor_comment":0,"jetpack_featured_media_url":"https:\/\/eldiariodesanpedro.com.ar\/sitio\/wp-content\/uploads\/2020\/07\/f800x450-23472_74918_0.jpg","jetpack_shortlink":"https:\/\/wp.me\/p6RhLt-kfB","jetpack_sharing_enabled":true,"_links":{"self":[{"href":"https:\/\/eldiariodesanpedro.com.ar\/sitio\/wp-json\/wp\/v2\/posts\/77847","targetHints":{"allow":["GET"]}}],"collection":[{"href":"https:\/\/eldiariodesanpedro.com.ar\/sitio\/wp-json\/wp\/v2\/posts"}],"about":[{"href":"https:\/\/eldiariodesanpedro.com.ar\/sitio\/wp-json\/wp\/v2\/types\/post"}],"author":[{"embeddable":true,"href":"https:\/\/eldiariodesanpedro.com.ar\/sitio\/wp-json\/wp\/v2\/users\/4"}],"replies":[{"embeddable":true,"href":"https:\/\/eldiariodesanpedro.com.ar\/sitio\/wp-json\/wp\/v2\/comments?post=77847"}],"version-history":[{"count":1,"href":"https:\/\/eldiariodesanpedro.com.ar\/sitio\/wp-json\/wp\/v2\/posts\/77847\/revisions"}],"predecessor-version":[{"id":77848,"href":"https:\/\/eldiariodesanpedro.com.ar\/sitio\/wp-json\/wp\/v2\/posts\/77847\/revisions\/77848"}],"wp:featuredmedia":[{"embeddable":true,"href":"https:\/\/eldiariodesanpedro.com.ar\/sitio\/wp-json\/wp\/v2\/media\/77271"}],"wp:attachment":[{"href":"https:\/\/eldiariodesanpedro.com.ar\/sitio\/wp-json\/wp\/v2\/media?parent=77847"}],"wp:term":[{"taxonomy":"category","embeddable":true,"href":"https:\/\/eldiariodesanpedro.com.ar\/sitio\/wp-json\/wp\/v2\/categories?post=77847"},{"taxonomy":"post_tag","embeddable":true,"href":"https:\/\/eldiariodesanpedro.com.ar\/sitio\/wp-json\/wp\/v2\/tags?post=77847"}],"curies":[{"name":"wp","href":"https:\/\/api.w.org\/{rel}","templated":true}]}}