{"id":77844,"date":"2020-07-15T18:24:28","date_gmt":"2020-07-15T21:24:28","guid":{"rendered":"https:\/\/eldiariodesanpedro.com.ar\/sitio\/?p=77844"},"modified":"2020-07-15T18:24:30","modified_gmt":"2020-07-15T21:24:30","slug":"san-nicolas-vuelven-las-misas-presenciales-con-10-personas","status":"publish","type":"post","link":"https:\/\/eldiariodesanpedro.com.ar\/sitio\/san-nicolas-vuelven-las-misas-presenciales-con-10-personas\/","title":{"rendered":"SAN NICOL\u00c1S | Vuelven las misas presenciales con 10 personas"},"content":{"rendered":"<!-- VideographyWP Plugin Message: Automatic video embedding prevented by plugin options. -->\n\n<p>La Municipalidad autoriz\u00f3 a la iglesia a realizar reuniones presenciales de hasta 10 personas, por lo que el Padre Luis Pietro coment\u00f3 en RadioNet 95.9 sobre la nueva modalidad bajo la que se realizar\u00e1n las misas en el Santuario a partir de este viernes 17 de julio.<\/p>\n\n\n\n<p>En primer lugar, indic\u00f3 que desde este mi\u00e9rcoles se extiende el horario de atenci\u00f3n desde las 7:00 a las 19:30.<\/p>\n\n\n\n<p>Mientras que las misas iniciar\u00e1n a partir del viernes cuando comienza la novena. Durante la semana los horarios de las misas ser\u00e1n: 8:00 &#8211; 11:30 &#8211; 18:30. En tanto que los fines de semana los horarios ser\u00e1n los siguientes: 8:00 &#8211; 11:00 &#8211; 15:00 &#8211; 18:30.<\/p>\n\n\n\n<p>Pietro pidi\u00f3 paciencia a la comunidad, ya que s\u00f3lo 10 personas podr\u00e1n participar de la reuni\u00f3n. en el ingreso habr\u00e1 una persona midiendo la temperatura, controlando que tengan barbijo y que se limpien los zapatos con alcohol en gel. Una vez adentro deber\u00e1n respetar la distancia obligatoria.<\/p>\n\n\n\n<p>No habr\u00e1 confirmaciones por el momento, y s\u00f3lo se realizar\u00e1 un bautismo por turno.<\/p>\n\n\n\n<p>La secretar\u00eda atiende de 8:30 a 12:30 y por la tarde de 14:30 a 18:30. Tambi\u00e9n se pueden comunicar por tel\u00e9fono al 4422471.<\/p>\n\n\n\n<p>Fuente: <a href=\"http:\/\/www.diarioelinformante.com.ar\/nota-58195_vuelven-las-misas-presenciales-con-10-personas\">Diario El Informante<\/a><\/p>\n","protected":false},"excerpt":{"rendered":"<p>La Municipalidad autoriz\u00f3 a la iglesia a realizar reuniones presenciales de hasta 10 personas, por lo que el Padre Luis Pietro coment\u00f3 en RadioNet 95.9 sobre la nueva modalidad bajo la que se realizar\u00e1n las misas en el Santuario a partir de este viernes 17 de julio. En primer lugar, indic\u00f3 que desde este mi\u00e9rcoles [&hellip;]<\/p>\n","protected":false},"author":4,"featured_media":77845,"comment_status":"open","ping_status":"closed","sticky":false,"template":"","format":"standard","meta":{"om_disable_all_campaigns":false,"_jetpack_memberships_contains_paid_content":false,"footnotes":""},"categories":[621],"tags":[197,681,714],"class_list":["post-77844","post","type-post","status-publish","format-standard","has-post-thumbnail","hentry","category-regionales","tag-buenos-aires","tag-regionales","tag-san-nicolas"],"aioseo_notices":[],"gutentor_comment":0,"jetpack_featured_media_url":"https:\/\/eldiariodesanpedro.com.ar\/sitio\/wp-content\/uploads\/2020\/07\/conmarca27227-1.jpg","jetpack_shortlink":"https:\/\/wp.me\/p6RhLt-kfy","jetpack_sharing_enabled":true,"_links":{"self":[{"href":"https:\/\/eldiariodesanpedro.com.ar\/sitio\/wp-json\/wp\/v2\/posts\/77844","targetHints":{"allow":["GET"]}}],"collection":[{"href":"https:\/\/eldiariodesanpedro.com.ar\/sitio\/wp-json\/wp\/v2\/posts"}],"about":[{"href":"https:\/\/eldiariodesanpedro.com.ar\/sitio\/wp-json\/wp\/v2\/types\/post"}],"author":[{"embeddable":true,"href":"https:\/\/eldiariodesanpedro.com.ar\/sitio\/wp-json\/wp\/v2\/users\/4"}],"replies":[{"embeddable":true,"href":"https:\/\/eldiariodesanpedro.com.ar\/sitio\/wp-json\/wp\/v2\/comments?post=77844"}],"version-history":[{"count":1,"href":"https:\/\/eldiariodesanpedro.com.ar\/sitio\/wp-json\/wp\/v2\/posts\/77844\/revisions"}],"predecessor-version":[{"id":77846,"href":"https:\/\/eldiariodesanpedro.com.ar\/sitio\/wp-json\/wp\/v2\/posts\/77844\/revisions\/77846"}],"wp:featuredmedia":[{"embeddable":true,"href":"https:\/\/eldiariodesanpedro.com.ar\/sitio\/wp-json\/wp\/v2\/media\/77845"}],"wp:attachment":[{"href":"https:\/\/eldiariodesanpedro.com.ar\/sitio\/wp-json\/wp\/v2\/media?parent=77844"}],"wp:term":[{"taxonomy":"category","embeddable":true,"href":"https:\/\/eldiariodesanpedro.com.ar\/sitio\/wp-json\/wp\/v2\/categories?post=77844"},{"taxonomy":"post_tag","embeddable":true,"href":"https:\/\/eldiariodesanpedro.com.ar\/sitio\/wp-json\/wp\/v2\/tags?post=77844"}],"curies":[{"name":"wp","href":"https:\/\/api.w.org\/{rel}","templated":true}]}}