{"id":77841,"date":"2020-07-15T18:22:34","date_gmt":"2020-07-15T21:22:34","guid":{"rendered":"https:\/\/eldiariodesanpedro.com.ar\/sitio\/?p=77841"},"modified":"2020-07-15T18:22:36","modified_gmt":"2020-07-15T21:22:36","slug":"campana-interponen-un-habeas-corpus-ante-los-multiples-casos-de-coronavirus-en-la-carcel","status":"publish","type":"post","link":"https:\/\/eldiariodesanpedro.com.ar\/sitio\/campana-interponen-un-habeas-corpus-ante-los-multiples-casos-de-coronavirus-en-la-carcel\/","title":{"rendered":"CAMPANA | Interponen un \u201cHabeas Corpus\u201d ante los m\u00faltiples casos de Coronavirus en la C\u00e1rcel"},"content":{"rendered":"<!-- VideographyWP Plugin Message: Automatic video embedding prevented by plugin options. -->\n\n<p>La Defensor\u00eda Departamental de Z\u00e1rate Campana elev\u00f3 la solicitud de pronta resoluci\u00f3n ante el Juez del Juzgado de Ejecuci\u00f3n Departamental, luego de confirmarse al menos una docena de contagios entre el personal que all\u00ed trabaja. Aseguran que en el complejo se \u201cagravaron las condiciones de detenci\u00f3n\u201d.<\/p>\n\n\n\n<p>Luego de confirmarse varios casos de COVID-19 en el Complejo Carcelario local, comprendido por las Unidades 21, 41, 57, y la nueva Alcaid\u00eda, la Defensor\u00eda Departamental de Z\u00e1rate Campana interpuso una medida de \u201chabeas corpus\u201d que contemple la situaci\u00f3n de los reclusos y posibilite v\u00edas para brindar condiciones seguras tanto a quienes all\u00ed se encuentran detenidos, como el personal que trabaja en el penal.<\/p>\n\n\n\n<p>La Defensora, la Dra. Karina Dib, elev\u00f3 ante el Dr. Gustavo P\u00e9rez, Juez del Juzgado de Ejecuci\u00f3n Departamental, un escrito que trascendi\u00f3 period\u00edsticamente, y a trav\u00e9s del cual denuncia un \u201cagravamiento de las condiciones de detenci\u00f3n\u201d, uno de los puntos que habilita al pedido.<\/p>\n\n\n\n<p>Fuentes del caso se\u00f1alan que en su escrito, la Dra. Dib detalla que \u201chay cinco casos en la Unidad 21, un caso en la Unidad 41, dos en la Unidad 57 y cuatro en la Alcaid\u00eda\u00bb, mientras que adem\u00e1s habr\u00eda m\u00e1s miembros del Servicio Penitenciario esperando el resultado del hisopado.<\/p>\n\n\n\n<p>Para la funcionaria judicial, \u201clos internos no habr\u00edan tenido hasta ahora indicaci\u00f3n de testeo\u00bb. \u201cEst\u00e1n en riesgo\u2026 las personas alojadas (internos), el personal (penitenciario) y la comunidad toda teniendo en cuenta el hacinamiento, la falta de ventilaci\u00f3n e higiene (de las Unidades de Detenci\u00f3n)\u201d, solicitando adem\u00e1s la pronta intervenci\u00f3n \u201cpara garantizar las medidas sanitarias correspondientes\u00bb.<\/p>\n\n\n\n<p>Por otro lado, la Dra. Dib habr\u00eda cuestionado en su presentaci\u00f3n la ausencia de controles sanitarios en el recinto: \u201cSe destaca con preocupaci\u00f3n la ausencia de toda medida adoptada en relaci\u00f3n a la poblaci\u00f3n alojada, respecto de la cual parece no iniciarse ninguna acci\u00f3n para la b\u00fasqueda del virus\u00bb\u2026 \u201cDesconocemos a que autoridades se ha dado intervenci\u00f3n en la compleja situaci\u00f3n\u201d.<\/p>\n\n\n\n<p>Por \u00faltimo, solicit\u00f3 al Servicio Penitenciario Bonaerense se informe los casos detectados, \u201clas medidas adoptadas y a qu\u00e9 autoridad se ha dado intervenci\u00f3n\u2026\u201d, adem\u00e1s se de inmediata intervenci\u00f3n a las autoridades sanitarias \u201c\u2026 a quienes se deber\u00e1 exigir la adopci\u00f3n de medidas concretas\u2026 ( ) con informes diarios a este tribunal\u201d.<\/p>\n\n\n\n<p><strong>H\u00e1beas Corpus<br><\/strong><br>\u00bfPara qu\u00e9 sirve un h\u00e1beas corpus?<br>Para que llegues a una r\u00e1pida soluci\u00f3n judicial cuando tu libertad f\u00edsica se ve amenazada, atacada o restringida de forma ileg\u00edtima por una autoridad p\u00fablica.<\/p>\n\n\n\n<p>\u00bfCu\u00e1ndo puedo iniciar un h\u00e1beas corpus?<br>Pod\u00e9s usar el procedimiento del h\u00e1beas corpus:<\/p>\n\n\n\n<p>Si una autoridad p\u00fablica, que no tiene una orden escrita de detenci\u00f3n, amenaza o limita tu libertad f\u00edsica.<br>Si sos una persona alojada en una c\u00e1rcel, comisar\u00eda u otra repartici\u00f3n y agravan ileg\u00edtimamente las condiciones de tu privaci\u00f3n de libertad.<\/p>\n\n\n\n<p>\u00bfSe puede aplicar en otras situaciones?<br>S\u00ed, cuando hay estado de sitio.<\/p>\n\n\n\n<p>\u00bfQu\u00e9 es el estado de sitio?<br>Es un r\u00e9gimen de excepci\u00f3n que puede declarar el gobierno en situaciones especiales como invasi\u00f3n, guerra exterior o guerra civil. Durante el estado de sitio se suspenden las garant\u00edas constitucionales. En el estado de sitio, el Presidente puede detener personas y trasladarlas de un punto a otro de la Naci\u00f3n, salvo que las personas detenidas prefieran salir del territorio nacional.<\/p>\n\n\n\n<p><strong>Procedimiento<\/strong><\/p>\n\n\n\n<p>\u00bfDe qu\u00e9 manera se inicia un h\u00e1beas corpus?<br>Con una denuncia ante un juez.<\/p>\n\n\n\n<p>\u00bfQui\u00e9nes pueden hacer la denuncia?<br>La persona perjudicada.<br>Otra persona en favor de la persona perjudicada<br>El juez que toma conocimiento de una situaci\u00f3n que ataca ilegalmente la libertad.<\/p>\n\n\n\n<p>\u00bfDebe hacerse por escrito?<br>No es obligatorio. Tambi\u00e9n puede hacerse en forma oral. No se exigen formalidades. Puede hacerse en cualquier d\u00eda, sea h\u00e1bil o inh\u00e1bil y a cualquier hora.<\/p>\n\n\n\n<p>\u00bfEs necesario un abogado?<br>No. El tr\u00e1mite puede hacerse sin la intervenci\u00f3n de un abogado.<\/p>\n\n\n\n<p>\u00bfC\u00f3mo es el procedimiento?<br>Es un procedimiento r\u00e1pido porque est\u00e1 para solucionar un tema urgente. Dentro de la 24 hs. el juez pide que se presenten la persona afectada y la autoridad que dict\u00f3 la medida. Terminada la audiencia, el juez toma una decisi\u00f3n y la lee inmediatamente a todos los presentes. Si el Juez considera que la detenci\u00f3n es legal, rechaza el h\u00e1beas corpus. Si el Juez considera que la detenci\u00f3n es ilegal, ordena la inmediata libertad de la persona afectada.<\/p>\n\n\n\n<p>Informaci\u00f3n oficial de&nbsp;<a href=\"https:\/\/www.argentina.gob.ar\/justicia\/derechofacil\/leysimple\/habeas-corpus\" target=\"_blank\" rel=\"noreferrer noopener\">www.argentina.gob.ar<\/a><\/p>\n","protected":false},"excerpt":{"rendered":"<p>La Defensor\u00eda Departamental de Z\u00e1rate Campana elev\u00f3 la solicitud de pronta resoluci\u00f3n ante el Juez del Juzgado de Ejecuci\u00f3n Departamental, luego de confirmarse al menos una docena de contagios entre el personal que all\u00ed trabaja. Aseguran que en el complejo se \u201cagravaron las condiciones de detenci\u00f3n\u201d. Luego de confirmarse varios casos de COVID-19 en el [&hellip;]<\/p>\n","protected":false},"author":4,"featured_media":77842,"comment_status":"open","ping_status":"closed","sticky":false,"template":"","format":"standard","meta":{"om_disable_all_campaigns":false,"_jetpack_memberships_contains_paid_content":false,"footnotes":""},"categories":[621],"tags":[197,686,681],"class_list":["post-77841","post","type-post","status-publish","format-standard","has-post-thumbnail","hentry","category-regionales","tag-buenos-aires","tag-campana-2","tag-regionales"],"aioseo_notices":[],"gutentor_comment":0,"jetpack_featured_media_url":"https:\/\/eldiariodesanpedro.com.ar\/sitio\/wp-content\/uploads\/2020\/07\/20200714095158.jpg","jetpack_shortlink":"https:\/\/wp.me\/p6RhLt-kfv","jetpack_sharing_enabled":true,"_links":{"self":[{"href":"https:\/\/eldiariodesanpedro.com.ar\/sitio\/wp-json\/wp\/v2\/posts\/77841","targetHints":{"allow":["GET"]}}],"collection":[{"href":"https:\/\/eldiariodesanpedro.com.ar\/sitio\/wp-json\/wp\/v2\/posts"}],"about":[{"href":"https:\/\/eldiariodesanpedro.com.ar\/sitio\/wp-json\/wp\/v2\/types\/post"}],"author":[{"embeddable":true,"href":"https:\/\/eldiariodesanpedro.com.ar\/sitio\/wp-json\/wp\/v2\/users\/4"}],"replies":[{"embeddable":true,"href":"https:\/\/eldiariodesanpedro.com.ar\/sitio\/wp-json\/wp\/v2\/comments?post=77841"}],"version-history":[{"count":1,"href":"https:\/\/eldiariodesanpedro.com.ar\/sitio\/wp-json\/wp\/v2\/posts\/77841\/revisions"}],"predecessor-version":[{"id":77843,"href":"https:\/\/eldiariodesanpedro.com.ar\/sitio\/wp-json\/wp\/v2\/posts\/77841\/revisions\/77843"}],"wp:featuredmedia":[{"embeddable":true,"href":"https:\/\/eldiariodesanpedro.com.ar\/sitio\/wp-json\/wp\/v2\/media\/77842"}],"wp:attachment":[{"href":"https:\/\/eldiariodesanpedro.com.ar\/sitio\/wp-json\/wp\/v2\/media?parent=77841"}],"wp:term":[{"taxonomy":"category","embeddable":true,"href":"https:\/\/eldiariodesanpedro.com.ar\/sitio\/wp-json\/wp\/v2\/categories?post=77841"},{"taxonomy":"post_tag","embeddable":true,"href":"https:\/\/eldiariodesanpedro.com.ar\/sitio\/wp-json\/wp\/v2\/tags?post=77841"}],"curies":[{"name":"wp","href":"https:\/\/api.w.org\/{rel}","templated":true}]}}