{"id":77838,"date":"2020-07-15T18:20:55","date_gmt":"2020-07-15T21:20:55","guid":{"rendered":"https:\/\/eldiariodesanpedro.com.ar\/sitio\/?p=77838"},"modified":"2020-07-15T18:20:58","modified_gmt":"2020-07-15T21:20:58","slug":"campana-asesinan-a-un-joven-de-un-escopetazo-en-la-cara-en-el-barrio-el-destino","status":"publish","type":"post","link":"https:\/\/eldiariodesanpedro.com.ar\/sitio\/campana-asesinan-a-un-joven-de-un-escopetazo-en-la-cara-en-el-barrio-el-destino\/","title":{"rendered":"CAMPANA | Asesinan a un joven de un escopetazo en la cara en el Barrio El Destino"},"content":{"rendered":"<!-- VideographyWP Plugin Message: Automatic video embedding prevented by plugin options. -->\n\n<p>El hecho tuvo lugar en horas de la noche, producto de un enfrentamiento entre vecinos de car\u00e1cter personal. Los residentes de la zona intentaron tomar represalias contra el agresor, pero este pudo ser finalmente detenido por la fuerza p\u00fablica y se encuentra actualmente a disposici\u00f3n de la justicia.<\/p>\n\n\n\n<p>Transcurr\u00edan aproximadamente las 22 horas de la jornada de ayer cuando se desat\u00f3 un enfrentamiento entre vecinos del Barrio El Destino, espec\u00edficamente sobre la calle Las Heras, casi arribando a General Roca.<\/p>\n\n\n\n<p>El episodio se origin\u00f3 cuando por causas a\u00fan no determinadas, Oscar Joubert, de 32 a\u00f1os de edad, inici\u00f3 un confrontamiento f\u00edsico con Kevin Rodr\u00edguez, de 18, al parecer por motivaciones previas de car\u00e1cter personal y familiar. Lamentablemente, la situaci\u00f3n contin\u00fao escalando en intensidad, y finalmente deriv\u00f3 en Joubert ejecutando un disparo de escopeta directo al rostro del joven.<\/p>\n\n\n\n<p>Varios vecinos de la zona lograron contactar al 911 en este lapso, lo cual se tradujo en que varios m\u00f3viles de Comando Patrulla, Same, el Grupo de Apoyo Departamental (G.A.D.) y Bomberos Voluntarios se dirigieran con urgencia en direcci\u00f3n al lugar de los hechos. Una vez all\u00ed, los servicios de emergencia debieron enfrentarse a varios conflictos producto de un escenario que se volv\u00eda cada vez m\u00e1s ca\u00f3tico.<\/p>\n\n\n\n<p>En primer lugar, el Same asisti\u00f3 de urgencia a Rodr\u00edguez, pero a pesar del trabajo realizado, el joven falleci\u00f3 producto de su grave herida en camino al Hospital Municipal. A su vez, al ser informada del deceso, la madre de la v\u00edctima sufri\u00f3 una descompensaci\u00f3n, por lo cual debi\u00f3 ser trasladada al nosocomio en manos de personal policial.<\/p>\n\n\n\n<p>Por su parte, las fuerzas de seguridad arrestaron r\u00e1pidamente a Joubert, pero su trabajo no finaliz\u00f3 all\u00ed, ya que debieron dar fin adem\u00e1s al creciente conflicto, ya que vecinos y conocidos de la v\u00edctima incendiaron la Renault Kangoo a nombre del agresor, e intentaron posteriormente prender fuego su vivienda. Ante esta emergencia, intervino a su vez el m\u00f3vil 48 de Bomberos Voluntarios.<\/p>\n\n\n\n<p>Una vez controlada la situaci\u00f3n, Joubert fue trasladado a la comisar\u00eda local, donde tomo intervenci\u00f3n la Unidad Fiscal de Investigaci\u00f3n N\u00b02, a cargo del Dr. Mat\u00edas Ferreiros.<\/p>\n\n\n\n<p>Fuente: <a href=\"https:\/\/www.campananoticias.com\/noticia\/62038\/asesinan-a-un-joven-de-un-escopetazo-en-la-cara-en-el-barrio-el-destino\">Campana Noticias<\/a><\/p>\n","protected":false},"excerpt":{"rendered":"<p>El hecho tuvo lugar en horas de la noche, producto de un enfrentamiento entre vecinos de car\u00e1cter personal. Los residentes de la zona intentaron tomar represalias contra el agresor, pero este pudo ser finalmente detenido por la fuerza p\u00fablica y se encuentra actualmente a disposici\u00f3n de la justicia. Transcurr\u00edan aproximadamente las 22 horas de la [&hellip;]<\/p>\n","protected":false},"author":4,"featured_media":77839,"comment_status":"open","ping_status":"closed","sticky":false,"template":"","format":"standard","meta":{"om_disable_all_campaigns":false,"_jetpack_memberships_contains_paid_content":false,"footnotes":""},"categories":[621],"tags":[197,686,681],"class_list":["post-77838","post","type-post","status-publish","format-standard","has-post-thumbnail","hentry","category-regionales","tag-buenos-aires","tag-campana-2","tag-regionales"],"aioseo_notices":[],"gutentor_comment":0,"jetpack_featured_media_url":"https:\/\/eldiariodesanpedro.com.ar\/sitio\/wp-content\/uploads\/2020\/07\/20200715103158.jpeg","jetpack_shortlink":"https:\/\/wp.me\/p6RhLt-kfs","jetpack_sharing_enabled":true,"_links":{"self":[{"href":"https:\/\/eldiariodesanpedro.com.ar\/sitio\/wp-json\/wp\/v2\/posts\/77838","targetHints":{"allow":["GET"]}}],"collection":[{"href":"https:\/\/eldiariodesanpedro.com.ar\/sitio\/wp-json\/wp\/v2\/posts"}],"about":[{"href":"https:\/\/eldiariodesanpedro.com.ar\/sitio\/wp-json\/wp\/v2\/types\/post"}],"author":[{"embeddable":true,"href":"https:\/\/eldiariodesanpedro.com.ar\/sitio\/wp-json\/wp\/v2\/users\/4"}],"replies":[{"embeddable":true,"href":"https:\/\/eldiariodesanpedro.com.ar\/sitio\/wp-json\/wp\/v2\/comments?post=77838"}],"version-history":[{"count":1,"href":"https:\/\/eldiariodesanpedro.com.ar\/sitio\/wp-json\/wp\/v2\/posts\/77838\/revisions"}],"predecessor-version":[{"id":77840,"href":"https:\/\/eldiariodesanpedro.com.ar\/sitio\/wp-json\/wp\/v2\/posts\/77838\/revisions\/77840"}],"wp:featuredmedia":[{"embeddable":true,"href":"https:\/\/eldiariodesanpedro.com.ar\/sitio\/wp-json\/wp\/v2\/media\/77839"}],"wp:attachment":[{"href":"https:\/\/eldiariodesanpedro.com.ar\/sitio\/wp-json\/wp\/v2\/media?parent=77838"}],"wp:term":[{"taxonomy":"category","embeddable":true,"href":"https:\/\/eldiariodesanpedro.com.ar\/sitio\/wp-json\/wp\/v2\/categories?post=77838"},{"taxonomy":"post_tag","embeddable":true,"href":"https:\/\/eldiariodesanpedro.com.ar\/sitio\/wp-json\/wp\/v2\/tags?post=77838"}],"curies":[{"name":"wp","href":"https:\/\/api.w.org\/{rel}","templated":true}]}}