{"id":77835,"date":"2020-07-15T18:17:52","date_gmt":"2020-07-15T21:17:52","guid":{"rendered":"https:\/\/eldiariodesanpedro.com.ar\/sitio\/?p=77835"},"modified":"2020-07-15T18:17:54","modified_gmt":"2020-07-15T21:17:54","slug":"arrecifes-comenzaran-a-abrirse-los-cortes-de-calles","status":"publish","type":"post","link":"https:\/\/eldiariodesanpedro.com.ar\/sitio\/arrecifes-comenzaran-a-abrirse-los-cortes-de-calles\/","title":{"rendered":"ARRECIFES | Comenzaran a abrirse los cortes de calles"},"content":{"rendered":"<!-- VideographyWP Plugin Message: Automatic video embedding prevented by plugin options. -->\n\n<p>Con el objetivo de controlar el ingreso a Arrecifes de personas provenientes de otras ciudades, la Municipalidad informa que se intensificar\u00e1n los controles m\u00f3viles en distintos puntos de la ciudad, a los efectos de constatar que cada veh\u00edculo posea la oblea de circulaci\u00f3n respectiva, y que fuera entregada en los puestos de acceso.<\/p>\n\n\n\n<p>Los automovilistas que no posean las correspondientes obleas adheridas en el parabrisas, deber\u00e1n presentar los&nbsp;permisos y la documentaci\u00f3n respectiva que justifique su circulaci\u00f3n en el distrito, con el fin de evitar multas y secuestro del veh\u00edculo.<\/p>\n\n\n\n<p>Con este nuevo sistema, se comenzara paulatinamente a normalizar la circulaci\u00f3n vehicular y flexibilizar los cortes de calles y avenidas.<\/p>\n\n\n\n<p>Aquellos autom\u00f3viles de Arrecifes que a\u00fan no posean la oblea correspondiente, podr\u00e1n solicitarla en la Direcci\u00f3n de Transito (Ricardo Guti\u00e9rrez 840) de lunes a viernes de 8:00 a 12:30 horas.<\/p>\n\n\n\n<p>Fuente: <a href=\"https:\/\/arrecifesnoticias.com\/interes-general\/comenzaran-a-abrirse-cortes-de-calles\/\">Arrecifes Noticias<\/a><\/p>\n","protected":false},"excerpt":{"rendered":"<p>Con el objetivo de controlar el ingreso a Arrecifes de personas provenientes de otras ciudades, la Municipalidad informa que se intensificar\u00e1n los controles m\u00f3viles en distintos puntos de la ciudad, a los efectos de constatar que cada veh\u00edculo posea la oblea de circulaci\u00f3n respectiva, y que fuera entregada en los puestos de acceso. Los automovilistas [&hellip;]<\/p>\n","protected":false},"author":4,"featured_media":77836,"comment_status":"open","ping_status":"closed","sticky":false,"template":"","format":"standard","meta":{"om_disable_all_campaigns":false,"_jetpack_memberships_contains_paid_content":false,"footnotes":""},"categories":[621],"tags":[640,197,681],"class_list":["post-77835","post","type-post","status-publish","format-standard","has-post-thumbnail","hentry","category-regionales","tag-arrecifes","tag-buenos-aires","tag-regionales"],"aioseo_notices":[],"gutentor_comment":0,"jetpack_featured_media_url":"https:\/\/eldiariodesanpedro.com.ar\/sitio\/wp-content\/uploads\/2020\/07\/Corte-Vicente-Lopez-720x510-1.jpg","jetpack_shortlink":"https:\/\/wp.me\/p6RhLt-kfp","jetpack_sharing_enabled":true,"_links":{"self":[{"href":"https:\/\/eldiariodesanpedro.com.ar\/sitio\/wp-json\/wp\/v2\/posts\/77835","targetHints":{"allow":["GET"]}}],"collection":[{"href":"https:\/\/eldiariodesanpedro.com.ar\/sitio\/wp-json\/wp\/v2\/posts"}],"about":[{"href":"https:\/\/eldiariodesanpedro.com.ar\/sitio\/wp-json\/wp\/v2\/types\/post"}],"author":[{"embeddable":true,"href":"https:\/\/eldiariodesanpedro.com.ar\/sitio\/wp-json\/wp\/v2\/users\/4"}],"replies":[{"embeddable":true,"href":"https:\/\/eldiariodesanpedro.com.ar\/sitio\/wp-json\/wp\/v2\/comments?post=77835"}],"version-history":[{"count":1,"href":"https:\/\/eldiariodesanpedro.com.ar\/sitio\/wp-json\/wp\/v2\/posts\/77835\/revisions"}],"predecessor-version":[{"id":77837,"href":"https:\/\/eldiariodesanpedro.com.ar\/sitio\/wp-json\/wp\/v2\/posts\/77835\/revisions\/77837"}],"wp:featuredmedia":[{"embeddable":true,"href":"https:\/\/eldiariodesanpedro.com.ar\/sitio\/wp-json\/wp\/v2\/media\/77836"}],"wp:attachment":[{"href":"https:\/\/eldiariodesanpedro.com.ar\/sitio\/wp-json\/wp\/v2\/media?parent=77835"}],"wp:term":[{"taxonomy":"category","embeddable":true,"href":"https:\/\/eldiariodesanpedro.com.ar\/sitio\/wp-json\/wp\/v2\/categories?post=77835"},{"taxonomy":"post_tag","embeddable":true,"href":"https:\/\/eldiariodesanpedro.com.ar\/sitio\/wp-json\/wp\/v2\/tags?post=77835"}],"curies":[{"name":"wp","href":"https:\/\/api.w.org\/{rel}","templated":true}]}}