{"id":77832,"date":"2020-07-15T18:07:24","date_gmt":"2020-07-15T21:07:24","guid":{"rendered":"https:\/\/eldiariodesanpedro.com.ar\/sitio\/?p=77832"},"modified":"2020-07-15T18:07:27","modified_gmt":"2020-07-15T21:07:27","slug":"baradero-sanitizacion-en-las-residencias-geriatricas","status":"publish","type":"post","link":"https:\/\/eldiariodesanpedro.com.ar\/sitio\/baradero-sanitizacion-en-las-residencias-geriatricas\/","title":{"rendered":"BARADERO | Sanitizaci\u00f3n en las residencias geri\u00e1tricas"},"content":{"rendered":"<!-- VideographyWP Plugin Message: Automatic video embedding prevented by plugin options. -->\n\n<p>Tal como lo hab\u00eda adelantado la municipalidad de Baradero y la Regi\u00f3n Sanitaria, este martes comenz\u00f3 una desinfecci\u00f3n en los lugares de residencia de adultos mayores.<\/p>\n\n\n\n<p>En horas del mediod\u00eda la Polic\u00eda Ecol\u00f3gica de la provincia de Buenos Aires arrib\u00f3 a Baradero con equipos m\u00f3viles y manuales.<\/p>\n\n\n\n<p>Comenzaron con el trabajo en el interior de la Comisar\u00eda de Baradero y luego prosiguieron en las residencias San Gabriel y Residencia de Luz donde realizaron la sanitizaci\u00f3n correspondiente.<\/p>\n\n\n\n<p>Por Tu Radio el Director de Atenci\u00f3n Primaria, Dr. Nicol\u00e1s Natalicchio, explic\u00f3 que \u201chicieron una desinfecci\u00f3n interna y externa de la instituci\u00f3n\u201d.<\/p>\n\n\n\n<p>Sobre el trabajo de contenci\u00f3n de los residentes, expres\u00f3 que \u201cest\u00e1n trabajando con todos los protocolos para brindar contenci\u00f3n a los adultos mayores\u201d.<\/p>\n\n\n\n<p>Fuente: <a href=\"https:\/\/tulineadirecta.com\/sanitizacion-en-las-residencias-geriatricas\/\">Tu Linea Directa<\/a><\/p>\n","protected":false},"excerpt":{"rendered":"<p>Tal como lo hab\u00eda adelantado la municipalidad de Baradero y la Regi\u00f3n Sanitaria, este martes comenz\u00f3 una desinfecci\u00f3n en los lugares de residencia de adultos mayores. En horas del mediod\u00eda la Polic\u00eda Ecol\u00f3gica de la provincia de Buenos Aires arrib\u00f3 a Baradero con equipos m\u00f3viles y manuales. Comenzaron con el trabajo en el interior de [&hellip;]<\/p>\n","protected":false},"author":4,"featured_media":77833,"comment_status":"open","ping_status":"closed","sticky":false,"template":"","format":"standard","meta":{"om_disable_all_campaigns":false,"_jetpack_memberships_contains_paid_content":false,"footnotes":""},"categories":[621],"tags":[139,197,681],"class_list":["post-77832","post","type-post","status-publish","format-standard","has-post-thumbnail","hentry","category-regionales","tag-baradero","tag-buenos-aires","tag-regionales"],"aioseo_notices":[],"gutentor_comment":0,"jetpack_featured_media_url":"https:\/\/eldiariodesanpedro.com.ar\/sitio\/wp-content\/uploads\/2020\/07\/001-1.jpg","jetpack_shortlink":"https:\/\/wp.me\/p6RhLt-kfm","jetpack_sharing_enabled":true,"_links":{"self":[{"href":"https:\/\/eldiariodesanpedro.com.ar\/sitio\/wp-json\/wp\/v2\/posts\/77832","targetHints":{"allow":["GET"]}}],"collection":[{"href":"https:\/\/eldiariodesanpedro.com.ar\/sitio\/wp-json\/wp\/v2\/posts"}],"about":[{"href":"https:\/\/eldiariodesanpedro.com.ar\/sitio\/wp-json\/wp\/v2\/types\/post"}],"author":[{"embeddable":true,"href":"https:\/\/eldiariodesanpedro.com.ar\/sitio\/wp-json\/wp\/v2\/users\/4"}],"replies":[{"embeddable":true,"href":"https:\/\/eldiariodesanpedro.com.ar\/sitio\/wp-json\/wp\/v2\/comments?post=77832"}],"version-history":[{"count":1,"href":"https:\/\/eldiariodesanpedro.com.ar\/sitio\/wp-json\/wp\/v2\/posts\/77832\/revisions"}],"predecessor-version":[{"id":77834,"href":"https:\/\/eldiariodesanpedro.com.ar\/sitio\/wp-json\/wp\/v2\/posts\/77832\/revisions\/77834"}],"wp:featuredmedia":[{"embeddable":true,"href":"https:\/\/eldiariodesanpedro.com.ar\/sitio\/wp-json\/wp\/v2\/media\/77833"}],"wp:attachment":[{"href":"https:\/\/eldiariodesanpedro.com.ar\/sitio\/wp-json\/wp\/v2\/media?parent=77832"}],"wp:term":[{"taxonomy":"category","embeddable":true,"href":"https:\/\/eldiariodesanpedro.com.ar\/sitio\/wp-json\/wp\/v2\/categories?post=77832"},{"taxonomy":"post_tag","embeddable":true,"href":"https:\/\/eldiariodesanpedro.com.ar\/sitio\/wp-json\/wp\/v2\/tags?post=77832"}],"curies":[{"name":"wp","href":"https:\/\/api.w.org\/{rel}","templated":true}]}}