{"id":77778,"date":"2020-07-14T19:15:06","date_gmt":"2020-07-14T22:15:06","guid":{"rendered":"https:\/\/eldiariodesanpedro.com.ar\/sitio\/?p=77778"},"modified":"2020-07-14T19:15:07","modified_gmt":"2020-07-14T22:15:07","slug":"recordatorio-de-horarios-y-protocolos-para-funcionamiento-de-actividades-no-esenciales-autorizadas","status":"publish","type":"post","link":"https:\/\/eldiariodesanpedro.com.ar\/sitio\/recordatorio-de-horarios-y-protocolos-para-funcionamiento-de-actividades-no-esenciales-autorizadas\/","title":{"rendered":"Recordatorio de horarios y protocolos para funcionamiento de actividades no esenciales autorizadas"},"content":{"rendered":"<!-- VideographyWP Plugin Message: Automatic video embedding prevented by plugin options. -->\n\n<p>La Municipalidad de San Pedro recuerda que por la categorizaci\u00f3n de FASE 4 para San Pedro y las resoluciones adoptadas en conjunto con el Centro de Comercio e Industria y el Sindicato de Empleados de Comercio, est\u00e1 permitido el funcionamiento de comercios de venta de mercader\u00edas en rubros no esenciales a trav\u00e9s de la modalidad presencial de lunes a s\u00e1bados de 9 a 18 horas.<\/p>\n\n\n\n<p>El protocolo aplicado solicita que los responsables de cada establecimiento, cumplan las normas de seguridad e higiene establecidas por el Ministerio de Salud. Adem\u00e1s, el personal que se desempe\u00f1e, no debe encontrarse incluido dentro los comprendidos como grupos de riesgo.<\/p>\n\n\n\n<p>Las principales medidas a considerar son:<\/p>\n\n\n\n<ul class=\"wp-block-list\"><li>Controlar la temperatura corporal de cada trabajador al inicio de la jornada laboral<\/li><li>Proceder al lavado de manos al arrancar su jornada y durante la misma, y utilizar alcohol en gel luego de cobrar en efectivo o con tarjetas.<\/li><li>Utilizar m\u00e1scara r\u00edgida de acetato y\/o barbijo o tapaboca.<\/li><li>Mantener la distancia m\u00ednima de 1,5 metros de los trabajadores y entre \u00e9stos y los clientes.<\/li><\/ul>\n\n\n\n<p>*Organizar el ingreso al local, administrando el ingreso para que se respeten las distancias en el interior y delimitando filas de espera, tambi\u00e9n respetando la distancia.<\/p>\n\n\n\n<ul class=\"wp-block-list\"><li>Limpiar diariamente el lugar con lavandina diluida incluyendo pisos, mostradores y cualquier otra superficie que sea considerada de contacto.<\/li><li>Ventilar diariamente los espacios de trabajo, no compartir lapiceras, celulares y elementos de trabajo sin sanitizaci\u00f3n previa.<\/li><\/ul>\n\n\n\n<p>Si nos cuidamos entre todos esta modalidad de trabajo se podr\u00e1 mantener en el tiempo para permitir una recuperaci\u00f3n progresiva de la econom\u00eda.<\/p>\n\n\n\n<figure class=\"wp-block-image size-large\"><img decoding=\"async\" width=\"1280\" height=\"1240\" data-attachment-id=\"77779\" data-permalink=\"https:\/\/eldiariodesanpedro.com.ar\/sitio\/recordatorio-de-horarios-y-protocolos-para-funcionamiento-de-actividades-no-esenciales-autorizadas\/whatsapp-image-2020-07-14-at-18-51-20\/\" data-orig-file=\"https:\/\/eldiariodesanpedro.com.ar\/sitio\/wp-content\/uploads\/2020\/07\/WhatsApp-Image-2020-07-14-at-18.51.20.jpeg\" data-orig-size=\"1280,1240\" data-comments-opened=\"1\" data-image-meta=\"{&quot;aperture&quot;:&quot;0&quot;,&quot;credit&quot;:&quot;&quot;,&quot;camera&quot;:&quot;&quot;,&quot;caption&quot;:&quot;&quot;,&quot;created_timestamp&quot;:&quot;0&quot;,&quot;copyright&quot;:&quot;&quot;,&quot;focal_length&quot;:&quot;0&quot;,&quot;iso&quot;:&quot;0&quot;,&quot;shutter_speed&quot;:&quot;0&quot;,&quot;title&quot;:&quot;&quot;,&quot;orientation&quot;:&quot;0&quot;}\" data-image-title=\"WhatsApp-Image-2020-07-14-at-18.51.20\" data-image-description=\"\" data-image-caption=\"\" data-large-file=\"https:\/\/eldiariodesanpedro.com.ar\/sitio\/wp-content\/uploads\/2020\/07\/WhatsApp-Image-2020-07-14-at-18.51.20-1024x992.jpeg\" data-src=\"https:\/\/i2.wp.com\/eldiariodesanpedro.com.ar\/sitio\/wp-content\/uploads\/2020\/07\/WhatsApp-Image-2020-07-14-at-18.51.20.jpeg?fit=640%2C620&amp;ssl=1\" alt=\"\" class=\"wp-image-77779 lazyload\" data-srcset=\"https:\/\/eldiariodesanpedro.com.ar\/sitio\/wp-content\/uploads\/2020\/07\/WhatsApp-Image-2020-07-14-at-18.51.20.jpeg 1280w, https:\/\/eldiariodesanpedro.com.ar\/sitio\/wp-content\/uploads\/2020\/07\/WhatsApp-Image-2020-07-14-at-18.51.20-300x291.jpeg 300w, https:\/\/eldiariodesanpedro.com.ar\/sitio\/wp-content\/uploads\/2020\/07\/WhatsApp-Image-2020-07-14-at-18.51.20-1024x992.jpeg 1024w, https:\/\/eldiariodesanpedro.com.ar\/sitio\/wp-content\/uploads\/2020\/07\/WhatsApp-Image-2020-07-14-at-18.51.20-768x744.jpeg 768w\" data-sizes=\"(max-width: 1280px) 100vw, 1280px\" src=\"data:image\/svg+xml;base64,PHN2ZyB3aWR0aD0iMSIgaGVpZ2h0PSIxIiB4bWxucz0iaHR0cDovL3d3dy53My5vcmcvMjAwMC9zdmciPjwvc3ZnPg==\" style=\"--smush-placeholder-width: 1280px; --smush-placeholder-aspect-ratio: 1280\/1240;\" \/><\/figure>\n","protected":false},"excerpt":{"rendered":"<p>La Municipalidad de San Pedro recuerda que por la categorizaci\u00f3n de FASE 4 para San Pedro y las resoluciones adoptadas en conjunto con el Centro de Comercio e Industria y el Sindicato de Empleados de Comercio, est\u00e1 permitido el funcionamiento de comercios de venta de mercader\u00edas en rubros no esenciales a trav\u00e9s de la modalidad [&hellip;]<\/p>\n","protected":false},"author":4,"featured_media":75288,"comment_status":"open","ping_status":"closed","sticky":false,"template":"","format":"standard","meta":{"om_disable_all_campaigns":false,"_jetpack_memberships_contains_paid_content":false,"footnotes":""},"categories":[101,2],"tags":[197,33,19],"class_list":["post-77778","post","type-post","status-publish","format-standard","has-post-thumbnail","hentry","category-interes-general-locales","category-locales","tag-buenos-aires","tag-locales","tag-san-pedro"],"aioseo_notices":[],"gutentor_comment":0,"jetpack_featured_media_url":"https:\/\/eldiariodesanpedro.com.ar\/sitio\/wp-content\/uploads\/2020\/06\/centro_0.jpg","jetpack_shortlink":"https:\/\/wp.me\/p6RhLt-keu","jetpack_sharing_enabled":true,"_links":{"self":[{"href":"https:\/\/eldiariodesanpedro.com.ar\/sitio\/wp-json\/wp\/v2\/posts\/77778","targetHints":{"allow":["GET"]}}],"collection":[{"href":"https:\/\/eldiariodesanpedro.com.ar\/sitio\/wp-json\/wp\/v2\/posts"}],"about":[{"href":"https:\/\/eldiariodesanpedro.com.ar\/sitio\/wp-json\/wp\/v2\/types\/post"}],"author":[{"embeddable":true,"href":"https:\/\/eldiariodesanpedro.com.ar\/sitio\/wp-json\/wp\/v2\/users\/4"}],"replies":[{"embeddable":true,"href":"https:\/\/eldiariodesanpedro.com.ar\/sitio\/wp-json\/wp\/v2\/comments?post=77778"}],"version-history":[{"count":1,"href":"https:\/\/eldiariodesanpedro.com.ar\/sitio\/wp-json\/wp\/v2\/posts\/77778\/revisions"}],"predecessor-version":[{"id":77780,"href":"https:\/\/eldiariodesanpedro.com.ar\/sitio\/wp-json\/wp\/v2\/posts\/77778\/revisions\/77780"}],"wp:featuredmedia":[{"embeddable":true,"href":"https:\/\/eldiariodesanpedro.com.ar\/sitio\/wp-json\/wp\/v2\/media\/75288"}],"wp:attachment":[{"href":"https:\/\/eldiariodesanpedro.com.ar\/sitio\/wp-json\/wp\/v2\/media?parent=77778"}],"wp:term":[{"taxonomy":"category","embeddable":true,"href":"https:\/\/eldiariodesanpedro.com.ar\/sitio\/wp-json\/wp\/v2\/categories?post=77778"},{"taxonomy":"post_tag","embeddable":true,"href":"https:\/\/eldiariodesanpedro.com.ar\/sitio\/wp-json\/wp\/v2\/tags?post=77778"}],"curies":[{"name":"wp","href":"https:\/\/api.w.org\/{rel}","templated":true}]}}