{"id":77708,"date":"2020-07-13T19:37:31","date_gmt":"2020-07-13T22:37:31","guid":{"rendered":"https:\/\/eldiariodesanpedro.com.ar\/sitio\/?p=77708"},"modified":"2020-07-13T19:37:34","modified_gmt":"2020-07-13T22:37:34","slug":"baradero-viralizaron-un-mensaje-por-whatsapp-con-nombres-de-personas-que-estaban-aisladas-incriminandolas-de-ser-positivos-de-covid-19","status":"publish","type":"post","link":"https:\/\/eldiariodesanpedro.com.ar\/sitio\/baradero-viralizaron-un-mensaje-por-whatsapp-con-nombres-de-personas-que-estaban-aisladas-incriminandolas-de-ser-positivos-de-covid-19\/","title":{"rendered":"BARADERO | Viralizaron un mensaje por WhatsApp con nombres de personas que estaban aisladas incrimin\u00e1ndolas de ser positivos de Covid-19"},"content":{"rendered":"<!-- VideographyWP Plugin Message: Automatic video embedding prevented by plugin options. -->\n\n<p>Los dos hombres son empleados municipales quienes el lunes realizaron un viaje a La Plata para buscar mercader\u00eda enviados por el municipio. A su regreso presentaron sintomas y fueron aislados preventivamente a la espera de los resultados. La medida tambi\u00e9n incluy\u00f3 a la familia de Baradero y Alsina.<\/p>\n\n\n\n<p>Milagros cuent\u00f3 por Tu Radio que \u201csu hermano y su pareja fueron se\u00f1alados en una lista de mensajes de whatsapp que se viralizaron en la localidad de Alsina\u201d.<\/p>\n\n\n\n<p>Aclar\u00f3 que ambos hombres son empleados municipales y que, tras presentar s\u00edntomas el d\u00eda martes, fueron aislados tanto ellos como sus respectivos contactos de manera preventiva.<\/p>\n\n\n\n<p>Algunos manifestaban que estas personas estaban \u201ccontagiadas\u201d y que a su vez hab\u00edan contagiado a vecinos de Alsina.<\/p>\n\n\n\n<p>\u201cEl delegado fue el que pas\u00f3 los nombres y ah\u00ed empez\u00f3 todo\u201d, dijo Milagros.<\/p>\n\n\n\n<p>Adem\u00e1s cuestion\u00f3 que \u201cel municipio s\u00f3lo les env\u00edo una botella de cloro y otra de alcohol\u201d. \u201cNadie por lo menos envi\u00f3 un mensaje preguntando como estaban\u201d, manifest\u00f3.<\/p>\n\n\n\n<p>Fuente: <a href=\"https:\/\/tulineadirecta.com\/viralizaron-un-mensaje-por-whatsapp-con-nombres-de-personas-que-estaban-aisladas-incriminandolas-de-ser-positivos-de-covid-19\/\">Tu Linea Directa<\/a><\/p>\n\n\n\n<figure class=\"wp-block-image size-large\"><img decoding=\"async\" width=\"688\" height=\"1024\" data-attachment-id=\"77710\" data-permalink=\"https:\/\/eldiariodesanpedro.com.ar\/sitio\/baradero-viralizaron-un-mensaje-por-whatsapp-con-nombres-de-personas-que-estaban-aisladas-incriminandolas-de-ser-positivos-de-covid-19\/108314560_2361068767536220_583767973155557143_o-688x1024\/\" data-orig-file=\"https:\/\/eldiariodesanpedro.com.ar\/sitio\/wp-content\/uploads\/2020\/07\/108314560_2361068767536220_583767973155557143_o-688x1024-1.jpg\" data-orig-size=\"688,1024\" data-comments-opened=\"1\" data-image-meta=\"{&quot;aperture&quot;:&quot;0&quot;,&quot;credit&quot;:&quot;&quot;,&quot;camera&quot;:&quot;&quot;,&quot;caption&quot;:&quot;&quot;,&quot;created_timestamp&quot;:&quot;0&quot;,&quot;copyright&quot;:&quot;&quot;,&quot;focal_length&quot;:&quot;0&quot;,&quot;iso&quot;:&quot;0&quot;,&quot;shutter_speed&quot;:&quot;0&quot;,&quot;title&quot;:&quot;&quot;,&quot;orientation&quot;:&quot;0&quot;}\" data-image-title=\"108314560_2361068767536220_583767973155557143_o-688&amp;#215;1024\" data-image-description=\"\" data-image-caption=\"\" data-large-file=\"https:\/\/eldiariodesanpedro.com.ar\/sitio\/wp-content\/uploads\/2020\/07\/108314560_2361068767536220_583767973155557143_o-688x1024-1.jpg\" data-src=\"https:\/\/eldiariodesanpedro.com.ar\/sitio\/wp-content\/uploads\/2020\/07\/108314560_2361068767536220_583767973155557143_o-688x1024-1.jpg\" alt=\"\" class=\"wp-image-77710 lazyload\" data-srcset=\"https:\/\/eldiariodesanpedro.com.ar\/sitio\/wp-content\/uploads\/2020\/07\/108314560_2361068767536220_583767973155557143_o-688x1024-1.jpg 688w, https:\/\/eldiariodesanpedro.com.ar\/sitio\/wp-content\/uploads\/2020\/07\/108314560_2361068767536220_583767973155557143_o-688x1024-1-202x300.jpg 202w\" data-sizes=\"(max-width: 688px) 100vw, 688px\" src=\"data:image\/svg+xml;base64,PHN2ZyB3aWR0aD0iMSIgaGVpZ2h0PSIxIiB4bWxucz0iaHR0cDovL3d3dy53My5vcmcvMjAwMC9zdmciPjwvc3ZnPg==\" style=\"--smush-placeholder-width: 688px; --smush-placeholder-aspect-ratio: 688\/1024;\" \/><\/figure>\n","protected":false},"excerpt":{"rendered":"<p>Los dos hombres son empleados municipales quienes el lunes realizaron un viaje a La Plata para buscar mercader\u00eda enviados por el municipio. A su regreso presentaron sintomas y fueron aislados preventivamente a la espera de los resultados. La medida tambi\u00e9n incluy\u00f3 a la familia de Baradero y Alsina. Milagros cuent\u00f3 por Tu Radio que \u201csu [&hellip;]<\/p>\n","protected":false},"author":4,"featured_media":77709,"comment_status":"open","ping_status":"closed","sticky":false,"template":"","format":"standard","meta":{"om_disable_all_campaigns":false,"_jetpack_memberships_contains_paid_content":false,"footnotes":""},"categories":[621],"tags":[139,197,681],"class_list":["post-77708","post","type-post","status-publish","format-standard","has-post-thumbnail","hentry","category-regionales","tag-baradero","tag-buenos-aires","tag-regionales"],"aioseo_notices":[],"gutentor_comment":0,"jetpack_featured_media_url":"https:\/\/eldiariodesanpedro.com.ar\/sitio\/wp-content\/uploads\/2020\/07\/Sin-t\u00edtulo-17.jpg","jetpack_shortlink":"https:\/\/wp.me\/p6RhLt-kdm","jetpack_sharing_enabled":true,"_links":{"self":[{"href":"https:\/\/eldiariodesanpedro.com.ar\/sitio\/wp-json\/wp\/v2\/posts\/77708","targetHints":{"allow":["GET"]}}],"collection":[{"href":"https:\/\/eldiariodesanpedro.com.ar\/sitio\/wp-json\/wp\/v2\/posts"}],"about":[{"href":"https:\/\/eldiariodesanpedro.com.ar\/sitio\/wp-json\/wp\/v2\/types\/post"}],"author":[{"embeddable":true,"href":"https:\/\/eldiariodesanpedro.com.ar\/sitio\/wp-json\/wp\/v2\/users\/4"}],"replies":[{"embeddable":true,"href":"https:\/\/eldiariodesanpedro.com.ar\/sitio\/wp-json\/wp\/v2\/comments?post=77708"}],"version-history":[{"count":1,"href":"https:\/\/eldiariodesanpedro.com.ar\/sitio\/wp-json\/wp\/v2\/posts\/77708\/revisions"}],"predecessor-version":[{"id":77711,"href":"https:\/\/eldiariodesanpedro.com.ar\/sitio\/wp-json\/wp\/v2\/posts\/77708\/revisions\/77711"}],"wp:featuredmedia":[{"embeddable":true,"href":"https:\/\/eldiariodesanpedro.com.ar\/sitio\/wp-json\/wp\/v2\/media\/77709"}],"wp:attachment":[{"href":"https:\/\/eldiariodesanpedro.com.ar\/sitio\/wp-json\/wp\/v2\/media?parent=77708"}],"wp:term":[{"taxonomy":"category","embeddable":true,"href":"https:\/\/eldiariodesanpedro.com.ar\/sitio\/wp-json\/wp\/v2\/categories?post=77708"},{"taxonomy":"post_tag","embeddable":true,"href":"https:\/\/eldiariodesanpedro.com.ar\/sitio\/wp-json\/wp\/v2\/tags?post=77708"}],"curies":[{"name":"wp","href":"https:\/\/api.w.org\/{rel}","templated":true}]}}