{"id":77705,"date":"2020-07-13T18:29:14","date_gmt":"2020-07-13T21:29:14","guid":{"rendered":"https:\/\/eldiariodesanpedro.com.ar\/sitio\/?p=77705"},"modified":"2020-07-13T18:29:18","modified_gmt":"2020-07-13T21:29:18","slug":"baradero-donto-otra-vez-en-conflicto-con-los-trabajadores","status":"publish","type":"post","link":"https:\/\/eldiariodesanpedro.com.ar\/sitio\/baradero-donto-otra-vez-en-conflicto-con-los-trabajadores\/","title":{"rendered":"BARADERO | Donto: Otra vez en conflicto con los trabajadores"},"content":{"rendered":"<!-- VideographyWP Plugin Message: Automatic video embedding prevented by plugin options. -->\n\n<p>Desde las primeras horas de esta ma\u00f1ana, frente a la planta Donto S.A., se realiza una manifestaci\u00f3n de sus empleados.<\/p>\n\n\n\n<p>El conflicto se genera nuevamente por problemas en los pagos de las quincenas.<\/p>\n\n\n\n<p>Recordemos que, luego del comienzo de la cuarentena, la empresa despidi\u00f3 a 17 empleados y alego una fuerte crisis econ\u00f3mica debido a la ca\u00edda de la exportaci\u00f3n de sus productos.<\/p>\n\n\n\n<p>Despu\u00e9s de varias idas y vueltas, los trabajadores fueron reincorporados y la empresa acord\u00f3 con el sindicato reactivar la producci\u00f3n con un solo turno y varios obreros suspendidos cobrando un porcentaje de su sueldo.<\/p>\n\n\n\n<p>El reclamo de esta oportunidad tiene que ver con que, ya van dos quincenas que la curtiembre esta abonando menos de lo que corresponde, y ademas esta pagando el aguinaldo en partes pero intenta hacer firmar el recibo como si el pago fuera en una sola vez.<\/p>\n\n\n\n<p>Los delegados gremiales informaron que est\u00e1n a la espera de una respuesta para decidir si paran la producci\u00f3n.<\/p>\n\n\n\n<p>Fuente: <a href=\"https:\/\/www.baraderoteinforma.com.ar\/donto-otra-vez-en-conflicto-con-los-trabajadores\/\">Baradero Te Informa<\/a><\/p>\n","protected":false},"excerpt":{"rendered":"<p>Desde las primeras horas de esta ma\u00f1ana, frente a la planta Donto S.A., se realiza una manifestaci\u00f3n de sus empleados. El conflicto se genera nuevamente por problemas en los pagos de las quincenas. Recordemos que, luego del comienzo de la cuarentena, la empresa despidi\u00f3 a 17 empleados y alego una fuerte crisis econ\u00f3mica debido a [&hellip;]<\/p>\n","protected":false},"author":4,"featured_media":77706,"comment_status":"open","ping_status":"closed","sticky":false,"template":"","format":"standard","meta":{"om_disable_all_campaigns":false,"_jetpack_memberships_contains_paid_content":false,"footnotes":""},"categories":[621],"tags":[139,197,681],"class_list":["post-77705","post","type-post","status-publish","format-standard","has-post-thumbnail","hentry","category-regionales","tag-baradero","tag-buenos-aires","tag-regionales"],"aioseo_notices":[],"gutentor_comment":0,"jetpack_featured_media_url":"https:\/\/eldiariodesanpedro.com.ar\/sitio\/wp-content\/uploads\/2020\/07\/dontoparo-01-640x480-2.jpg","jetpack_shortlink":"https:\/\/wp.me\/p6RhLt-kdj","jetpack_sharing_enabled":true,"_links":{"self":[{"href":"https:\/\/eldiariodesanpedro.com.ar\/sitio\/wp-json\/wp\/v2\/posts\/77705","targetHints":{"allow":["GET"]}}],"collection":[{"href":"https:\/\/eldiariodesanpedro.com.ar\/sitio\/wp-json\/wp\/v2\/posts"}],"about":[{"href":"https:\/\/eldiariodesanpedro.com.ar\/sitio\/wp-json\/wp\/v2\/types\/post"}],"author":[{"embeddable":true,"href":"https:\/\/eldiariodesanpedro.com.ar\/sitio\/wp-json\/wp\/v2\/users\/4"}],"replies":[{"embeddable":true,"href":"https:\/\/eldiariodesanpedro.com.ar\/sitio\/wp-json\/wp\/v2\/comments?post=77705"}],"version-history":[{"count":1,"href":"https:\/\/eldiariodesanpedro.com.ar\/sitio\/wp-json\/wp\/v2\/posts\/77705\/revisions"}],"predecessor-version":[{"id":77707,"href":"https:\/\/eldiariodesanpedro.com.ar\/sitio\/wp-json\/wp\/v2\/posts\/77705\/revisions\/77707"}],"wp:featuredmedia":[{"embeddable":true,"href":"https:\/\/eldiariodesanpedro.com.ar\/sitio\/wp-json\/wp\/v2\/media\/77706"}],"wp:attachment":[{"href":"https:\/\/eldiariodesanpedro.com.ar\/sitio\/wp-json\/wp\/v2\/media?parent=77705"}],"wp:term":[{"taxonomy":"category","embeddable":true,"href":"https:\/\/eldiariodesanpedro.com.ar\/sitio\/wp-json\/wp\/v2\/categories?post=77705"},{"taxonomy":"post_tag","embeddable":true,"href":"https:\/\/eldiariodesanpedro.com.ar\/sitio\/wp-json\/wp\/v2\/tags?post=77705"}],"curies":[{"name":"wp","href":"https:\/\/api.w.org\/{rel}","templated":true}]}}