{"id":77699,"date":"2020-07-13T18:24:24","date_gmt":"2020-07-13T21:24:24","guid":{"rendered":"https:\/\/eldiariodesanpedro.com.ar\/sitio\/?p=77699"},"modified":"2020-07-13T18:24:28","modified_gmt":"2020-07-13T21:24:28","slug":"san-nicolas-a-partir-del-martes-vuelven-a-abrir-las-iglesias","status":"publish","type":"post","link":"https:\/\/eldiariodesanpedro.com.ar\/sitio\/san-nicolas-a-partir-del-martes-vuelven-a-abrir-las-iglesias\/","title":{"rendered":"SAN NICOL\u00c1S | A partir del martes vuelven a abrir las iglesias"},"content":{"rendered":"<!-- VideographyWP Plugin Message: Automatic video embedding prevented by plugin options. -->\n\n<p>La Municipalidad de San Nicol\u00e1s inform\u00f3 que a partir de ma\u00f1ana las actividades religiosas en iglesias y templos fueron autorizados a funcionar en el marco de la emergencia sanitaria por la Pandemia de Coronavirus (COVID-19), en el territorio del Partido de San Nicol\u00e1s.<\/p>\n\n\n\n<p>Seg\u00fan se notific\u00f3, ser\u00e1 obligatorio el uso de tapabocas durante toda la celebraci\u00f3n, se deber\u00e1 respetar la distancia m\u00ednima de dos metros entre las personas y no podr\u00e1n concurrir m\u00e1s de 10 fieles en simult\u00e1neo en cada celebraci\u00f3n.<\/p>\n\n\n\n<p>Las puertas de las iglesias o templos deber\u00e1n permanecer abiertas para favorecer la ventilaci\u00f3n. Antes y despu\u00e9s de distribuir la comuni\u00f3n, el sacerdote deber\u00e1 desinfectar sus manos con alcohol y en la fila que se forme a dicho fin los fieles deber\u00e1n guardar una distancia m\u00ednima de 2 metros entre s\u00ed. Otra posibilidad ser\u00e1 que el sacerdote pueda desplazarse hacia cada banco en el cual se encuentren los fieles, quienes deber\u00e1n respetar en todo momento la distancia m\u00ednima de 2 metros entre cada uno, destacando que la comuni\u00f3n no se podr\u00e1 recibir en la boca sino exclusivamente en las manos de cada fiel. Se deber\u00e1n evitar los saludos de la paz y los saludos al finalizar la ceremonia.<\/p>\n\n\n\n<p>Los templos y las iglesias podr\u00e1n permanecer abiertos de lunes a domingo de 7 a 24 hs. Cada Iglesia o templo deber\u00e1 comunicar a la Direcci\u00f3n de Contralor (oscarrodriguez@sannicolas.gob.ar) los d\u00edas y horarios de las celebraciones previstas.<\/p>\n\n\n\n<p>Fuente: Diario El Informante<\/p>\n","protected":false},"excerpt":{"rendered":"<p>La Municipalidad de San Nicol\u00e1s inform\u00f3 que a partir de ma\u00f1ana las actividades religiosas en iglesias y templos fueron autorizados a funcionar en el marco de la emergencia sanitaria por la Pandemia de Coronavirus (COVID-19), en el territorio del Partido de San Nicol\u00e1s. Seg\u00fan se notific\u00f3, ser\u00e1 obligatorio el uso de tapabocas durante toda la [&hellip;]<\/p>\n","protected":false},"author":4,"featured_media":77700,"comment_status":"open","ping_status":"closed","sticky":false,"template":"","format":"standard","meta":{"om_disable_all_campaigns":false,"_jetpack_memberships_contains_paid_content":false,"footnotes":""},"categories":[621],"tags":[197,681,714],"class_list":["post-77699","post","type-post","status-publish","format-standard","has-post-thumbnail","hentry","category-regionales","tag-buenos-aires","tag-regionales","tag-san-nicolas"],"aioseo_notices":[],"gutentor_comment":0,"jetpack_featured_media_url":"https:\/\/eldiariodesanpedro.com.ar\/sitio\/wp-content\/uploads\/2020\/07\/no_cmce8nry7whwawa20200713_165530_0000.png","jetpack_shortlink":"https:\/\/wp.me\/p6RhLt-kdd","jetpack_sharing_enabled":true,"_links":{"self":[{"href":"https:\/\/eldiariodesanpedro.com.ar\/sitio\/wp-json\/wp\/v2\/posts\/77699","targetHints":{"allow":["GET"]}}],"collection":[{"href":"https:\/\/eldiariodesanpedro.com.ar\/sitio\/wp-json\/wp\/v2\/posts"}],"about":[{"href":"https:\/\/eldiariodesanpedro.com.ar\/sitio\/wp-json\/wp\/v2\/types\/post"}],"author":[{"embeddable":true,"href":"https:\/\/eldiariodesanpedro.com.ar\/sitio\/wp-json\/wp\/v2\/users\/4"}],"replies":[{"embeddable":true,"href":"https:\/\/eldiariodesanpedro.com.ar\/sitio\/wp-json\/wp\/v2\/comments?post=77699"}],"version-history":[{"count":1,"href":"https:\/\/eldiariodesanpedro.com.ar\/sitio\/wp-json\/wp\/v2\/posts\/77699\/revisions"}],"predecessor-version":[{"id":77701,"href":"https:\/\/eldiariodesanpedro.com.ar\/sitio\/wp-json\/wp\/v2\/posts\/77699\/revisions\/77701"}],"wp:featuredmedia":[{"embeddable":true,"href":"https:\/\/eldiariodesanpedro.com.ar\/sitio\/wp-json\/wp\/v2\/media\/77700"}],"wp:attachment":[{"href":"https:\/\/eldiariodesanpedro.com.ar\/sitio\/wp-json\/wp\/v2\/media?parent=77699"}],"wp:term":[{"taxonomy":"category","embeddable":true,"href":"https:\/\/eldiariodesanpedro.com.ar\/sitio\/wp-json\/wp\/v2\/categories?post=77699"},{"taxonomy":"post_tag","embeddable":true,"href":"https:\/\/eldiariodesanpedro.com.ar\/sitio\/wp-json\/wp\/v2\/tags?post=77699"}],"curies":[{"name":"wp","href":"https:\/\/api.w.org\/{rel}","templated":true}]}}