{"id":77694,"date":"2020-07-13T17:49:22","date_gmt":"2020-07-13T20:49:22","guid":{"rendered":"https:\/\/eldiariodesanpedro.com.ar\/sitio\/?p=77694"},"modified":"2020-07-13T17:49:23","modified_gmt":"2020-07-13T20:49:23","slug":"arrecifes-irresponsables-de-salto-y-sarmiento-de-paseo-por-el-molino","status":"publish","type":"post","link":"https:\/\/eldiariodesanpedro.com.ar\/sitio\/arrecifes-irresponsables-de-salto-y-sarmiento-de-paseo-por-el-molino\/","title":{"rendered":"ARRECIFES | Irresponsables de Salto y Sarmiento de paseo por el molino"},"content":{"rendered":"<!-- VideographyWP Plugin Message: Automatic video embedding prevented by plugin options. -->\n\n<p>A pocos d\u00edas de haber sido habilitado para las salidas grupales, el predio del Viejo Molino se puso de moda para reuniones de grupos de arrecife\u00f1os al aire libre.<\/p>\n\n\n\n<p>Este s\u00e1bado y domingo aument\u00f3 la concurrencia del fin de semana anterior. En especial el domingo, cuando el lugar se llen\u00f3 literalmente de vecinos, incluso de otras ciudades.<\/p>\n\n\n\n<p>Ya no existen los \u201cc\u00edrculos del respeto\u201d, delimitados para ubicar y ordenar a los grupos. Los mismos se borraron y no volvieron a ser pintados.<\/p>\n\n\n\n<p>No obstante, la gente misma se encarg\u00f3 de mantener la distancia con otros grupos que se juntaron a charlar y tomar mates o alguna otra bebida.<\/p>\n\n\n\n<p>Algunos usaron barbijos y otros no. Algunos respetaron el distanciamiento y otros se acercaron a saludar a gente que no integraba su grupo. Hubo de todo.<\/p>\n\n\n\n<p>Y ese \u201chubo de todo\u201d tambi\u00e9n fue literal, ya que la noticia del Viejo Molino como lugar de esparcimiento habilitado lleg\u00f3 a otras ciudades. De hecho, este domingo hubo visitantes de Salto y de Capit\u00e1n Sarmiento, por ejemplo, aprovechando que en sus localidades no se puede salir. Totalmente irresponsables.<\/p>\n\n\n\n<p>Fuente: <a href=\"https:\/\/arrecifesnoticias.com\/sociedad\/salto-y-sarmiento-de-paseo-por-el-molino\/\">Arrecifes Noticias<\/a><\/p>\n","protected":false},"excerpt":{"rendered":"<p>A pocos d\u00edas de haber sido habilitado para las salidas grupales, el predio del Viejo Molino se puso de moda para reuniones de grupos de arrecife\u00f1os al aire libre. Este s\u00e1bado y domingo aument\u00f3 la concurrencia del fin de semana anterior. En especial el domingo, cuando el lugar se llen\u00f3 literalmente de vecinos, incluso de [&hellip;]<\/p>\n","protected":false},"author":4,"featured_media":77695,"comment_status":"open","ping_status":"closed","sticky":false,"template":"","format":"standard","meta":{"om_disable_all_campaigns":false,"_jetpack_memberships_contains_paid_content":false,"footnotes":""},"categories":[621],"tags":[640,197,681],"class_list":["post-77694","post","type-post","status-publish","format-standard","has-post-thumbnail","hentry","category-regionales","tag-arrecifes","tag-buenos-aires","tag-regionales"],"aioseo_notices":[],"gutentor_comment":0,"jetpack_featured_media_url":"https:\/\/eldiariodesanpedro.com.ar\/sitio\/wp-content\/uploads\/2020\/07\/Molino-cuarentena-855x510-1.jpg","jetpack_shortlink":"https:\/\/wp.me\/p6RhLt-kd8","jetpack_sharing_enabled":true,"_links":{"self":[{"href":"https:\/\/eldiariodesanpedro.com.ar\/sitio\/wp-json\/wp\/v2\/posts\/77694","targetHints":{"allow":["GET"]}}],"collection":[{"href":"https:\/\/eldiariodesanpedro.com.ar\/sitio\/wp-json\/wp\/v2\/posts"}],"about":[{"href":"https:\/\/eldiariodesanpedro.com.ar\/sitio\/wp-json\/wp\/v2\/types\/post"}],"author":[{"embeddable":true,"href":"https:\/\/eldiariodesanpedro.com.ar\/sitio\/wp-json\/wp\/v2\/users\/4"}],"replies":[{"embeddable":true,"href":"https:\/\/eldiariodesanpedro.com.ar\/sitio\/wp-json\/wp\/v2\/comments?post=77694"}],"version-history":[{"count":1,"href":"https:\/\/eldiariodesanpedro.com.ar\/sitio\/wp-json\/wp\/v2\/posts\/77694\/revisions"}],"predecessor-version":[{"id":77696,"href":"https:\/\/eldiariodesanpedro.com.ar\/sitio\/wp-json\/wp\/v2\/posts\/77694\/revisions\/77696"}],"wp:featuredmedia":[{"embeddable":true,"href":"https:\/\/eldiariodesanpedro.com.ar\/sitio\/wp-json\/wp\/v2\/media\/77695"}],"wp:attachment":[{"href":"https:\/\/eldiariodesanpedro.com.ar\/sitio\/wp-json\/wp\/v2\/media?parent=77694"}],"wp:term":[{"taxonomy":"category","embeddable":true,"href":"https:\/\/eldiariodesanpedro.com.ar\/sitio\/wp-json\/wp\/v2\/categories?post=77694"},{"taxonomy":"post_tag","embeddable":true,"href":"https:\/\/eldiariodesanpedro.com.ar\/sitio\/wp-json\/wp\/v2\/tags?post=77694"}],"curies":[{"name":"wp","href":"https:\/\/api.w.org\/{rel}","templated":true}]}}