{"id":77659,"date":"2020-07-13T11:17:56","date_gmt":"2020-07-13T14:17:56","guid":{"rendered":"https:\/\/eldiariodesanpedro.com.ar\/sitio\/?p=77659"},"modified":"2020-07-13T11:18:00","modified_gmt":"2020-07-13T14:18:00","slug":"recuperaron-bicicleta-mountain-bike-robada","status":"publish","type":"post","link":"https:\/\/eldiariodesanpedro.com.ar\/sitio\/recuperaron-bicicleta-mountain-bike-robada\/","title":{"rendered":"Recuperaron bicicleta mountain bike robada"},"content":{"rendered":"<!-- VideographyWP Plugin Message: Automatic video embedding prevented by plugin options. -->\n\n<p>En la jornada de este domingo se logr\u00f3 recuperar una bicicleta robada un d\u00eda antes.<\/p>\n\n\n\n<p>En la noche del domingo la polic\u00eda de nuestra ciudad se hace presente en calle Molina al 500 donde se secuestr\u00f3 una bicicleta tipo mountain bike marca Venzo color verde rodado 29 que hab\u00eda sido sustra\u00edda el d\u00eda s\u00e1bado pasado en una vivienda ubicada en calle Uruguay al 2900 previo violentar el candado del port\u00f3n de ingreso.<\/p>\n","protected":false},"excerpt":{"rendered":"<p>En la jornada de este domingo se logr\u00f3 recuperar una bicicleta robada un d\u00eda antes. En la noche del domingo la polic\u00eda de nuestra ciudad se hace presente en calle Molina al 500 donde se secuestr\u00f3 una bicicleta tipo mountain bike marca Venzo color verde rodado 29 que hab\u00eda sido sustra\u00edda el d\u00eda s\u00e1bado pasado [&hellip;]<\/p>\n","protected":false},"author":4,"featured_media":77660,"comment_status":"open","ping_status":"closed","sticky":false,"template":"","format":"standard","meta":{"om_disable_all_campaigns":false,"_jetpack_memberships_contains_paid_content":false,"footnotes":""},"categories":[2,103],"tags":[692,197,1690,33,95],"class_list":["post-77659","post","type-post","status-publish","format-standard","has-post-thumbnail","hentry","category-locales","category-policiales-locales","tag-bicicleta","tag-buenos-aires","tag-hallazgo","tag-locales","tag-policiales"],"aioseo_notices":[],"gutentor_comment":0,"jetpack_featured_media_url":"https:\/\/eldiariodesanpedro.com.ar\/sitio\/wp-content\/uploads\/2020\/07\/WhatsApp-Image-2020-07-13-at-10.47.59-1.jpeg","jetpack_shortlink":"https:\/\/wp.me\/p6RhLt-kcz","jetpack_sharing_enabled":true,"_links":{"self":[{"href":"https:\/\/eldiariodesanpedro.com.ar\/sitio\/wp-json\/wp\/v2\/posts\/77659","targetHints":{"allow":["GET"]}}],"collection":[{"href":"https:\/\/eldiariodesanpedro.com.ar\/sitio\/wp-json\/wp\/v2\/posts"}],"about":[{"href":"https:\/\/eldiariodesanpedro.com.ar\/sitio\/wp-json\/wp\/v2\/types\/post"}],"author":[{"embeddable":true,"href":"https:\/\/eldiariodesanpedro.com.ar\/sitio\/wp-json\/wp\/v2\/users\/4"}],"replies":[{"embeddable":true,"href":"https:\/\/eldiariodesanpedro.com.ar\/sitio\/wp-json\/wp\/v2\/comments?post=77659"}],"version-history":[{"count":1,"href":"https:\/\/eldiariodesanpedro.com.ar\/sitio\/wp-json\/wp\/v2\/posts\/77659\/revisions"}],"predecessor-version":[{"id":77661,"href":"https:\/\/eldiariodesanpedro.com.ar\/sitio\/wp-json\/wp\/v2\/posts\/77659\/revisions\/77661"}],"wp:featuredmedia":[{"embeddable":true,"href":"https:\/\/eldiariodesanpedro.com.ar\/sitio\/wp-json\/wp\/v2\/media\/77660"}],"wp:attachment":[{"href":"https:\/\/eldiariodesanpedro.com.ar\/sitio\/wp-json\/wp\/v2\/media?parent=77659"}],"wp:term":[{"taxonomy":"category","embeddable":true,"href":"https:\/\/eldiariodesanpedro.com.ar\/sitio\/wp-json\/wp\/v2\/categories?post=77659"},{"taxonomy":"post_tag","embeddable":true,"href":"https:\/\/eldiariodesanpedro.com.ar\/sitio\/wp-json\/wp\/v2\/tags?post=77659"}],"curies":[{"name":"wp","href":"https:\/\/api.w.org\/{rel}","templated":true}]}}