{"id":77639,"date":"2020-07-13T10:05:09","date_gmt":"2020-07-13T13:05:09","guid":{"rendered":"https:\/\/eldiariodesanpedro.com.ar\/sitio\/?p=77639"},"modified":"2020-07-13T10:05:12","modified_gmt":"2020-07-13T13:05:12","slug":"hoy-coopser-solo-atendera-el-servicio-de-guardia","status":"publish","type":"post","link":"https:\/\/eldiariodesanpedro.com.ar\/sitio\/hoy-coopser-solo-atendera-el-servicio-de-guardia\/","title":{"rendered":"Hoy Coopser solo atender\u00e1 el servicio de Guardia"},"content":{"rendered":"<!-- VideographyWP Plugin Message: Automatic video embedding prevented by plugin options. -->\n\n<p>El Consejo de Administraci\u00f3n de COOPSER, saluda a todos los trabajadores de la electricidad, al celebrarse&nbsp;<strong>este lunes 13 de julio,<\/strong>&nbsp;el d\u00eda que recuerda la creaci\u00f3n de la Federaci\u00f3n Argentina de Trabajadores de Luz y Fuerza en 1949.&nbsp;&nbsp;<br>En este fecha, compartimos el reconocimiento a quienes han formado parte de nuestra Cooperativa desde su creaci\u00f3n, y a quienes todos los d\u00edas, a\u00fan en momentos tan dif\u00edciles como los que hoy vivimos, est\u00e1n al servicio de nuestra comunidad.<\/p>\n\n\n\n<p><strong>Consejo de Administraci\u00f3n &#8211;&nbsp;COOPSER<br><\/strong><strong>(Las oficinas de atenci\u00f3n al p\u00fablico permanecer\u00e1n cerradas y se mantendr\u00e1n las guardias habituales)<\/strong><\/p>\n","protected":false},"excerpt":{"rendered":"<p>El Consejo de Administraci\u00f3n de COOPSER, saluda a todos los trabajadores de la electricidad, al celebrarse&nbsp;este lunes 13 de julio,&nbsp;el d\u00eda que recuerda la creaci\u00f3n de la Federaci\u00f3n Argentina de Trabajadores de Luz y Fuerza en 1949.&nbsp;&nbsp;En este fecha, compartimos el reconocimiento a quienes han formado parte de nuestra Cooperativa desde su creaci\u00f3n, y a [&hellip;]<\/p>\n","protected":false},"author":4,"featured_media":77640,"comment_status":"open","ping_status":"closed","sticky":false,"template":"","format":"standard","meta":{"om_disable_all_campaigns":false,"_jetpack_memberships_contains_paid_content":false,"footnotes":""},"categories":[101,2],"tags":[197,1046,33,19],"class_list":["post-77639","post","type-post","status-publish","format-standard","has-post-thumbnail","hentry","category-interes-general-locales","category-locales","tag-buenos-aires","tag-coopser","tag-locales","tag-san-pedro"],"aioseo_notices":[],"gutentor_comment":0,"jetpack_featured_media_url":"https:\/\/eldiariodesanpedro.com.ar\/sitio\/wp-content\/uploads\/2020\/07\/DIA-DEL-TRABAJADOR-ELECTRICIDAD.jpeg","jetpack_shortlink":"https:\/\/wp.me\/p6RhLt-kcf","jetpack_sharing_enabled":true,"_links":{"self":[{"href":"https:\/\/eldiariodesanpedro.com.ar\/sitio\/wp-json\/wp\/v2\/posts\/77639","targetHints":{"allow":["GET"]}}],"collection":[{"href":"https:\/\/eldiariodesanpedro.com.ar\/sitio\/wp-json\/wp\/v2\/posts"}],"about":[{"href":"https:\/\/eldiariodesanpedro.com.ar\/sitio\/wp-json\/wp\/v2\/types\/post"}],"author":[{"embeddable":true,"href":"https:\/\/eldiariodesanpedro.com.ar\/sitio\/wp-json\/wp\/v2\/users\/4"}],"replies":[{"embeddable":true,"href":"https:\/\/eldiariodesanpedro.com.ar\/sitio\/wp-json\/wp\/v2\/comments?post=77639"}],"version-history":[{"count":1,"href":"https:\/\/eldiariodesanpedro.com.ar\/sitio\/wp-json\/wp\/v2\/posts\/77639\/revisions"}],"predecessor-version":[{"id":77641,"href":"https:\/\/eldiariodesanpedro.com.ar\/sitio\/wp-json\/wp\/v2\/posts\/77639\/revisions\/77641"}],"wp:featuredmedia":[{"embeddable":true,"href":"https:\/\/eldiariodesanpedro.com.ar\/sitio\/wp-json\/wp\/v2\/media\/77640"}],"wp:attachment":[{"href":"https:\/\/eldiariodesanpedro.com.ar\/sitio\/wp-json\/wp\/v2\/media?parent=77639"}],"wp:term":[{"taxonomy":"category","embeddable":true,"href":"https:\/\/eldiariodesanpedro.com.ar\/sitio\/wp-json\/wp\/v2\/categories?post=77639"},{"taxonomy":"post_tag","embeddable":true,"href":"https:\/\/eldiariodesanpedro.com.ar\/sitio\/wp-json\/wp\/v2\/tags?post=77639"}],"curies":[{"name":"wp","href":"https:\/\/api.w.org\/{rel}","templated":true}]}}