{"id":77601,"date":"2020-07-11T14:25:49","date_gmt":"2020-07-11T17:25:49","guid":{"rendered":"https:\/\/eldiariodesanpedro.com.ar\/sitio\/?p=77601"},"modified":"2020-07-11T14:25:53","modified_gmt":"2020-07-11T17:25:53","slug":"san-nicolas-le-pego-un-fierrazo-por-exhibicionista","status":"publish","type":"post","link":"https:\/\/eldiariodesanpedro.com.ar\/sitio\/san-nicolas-le-pego-un-fierrazo-por-exhibicionista\/","title":{"rendered":"SAN NICOL\u00c1S | Le peg\u00f3 un fierrazo por exhibicionista"},"content":{"rendered":"<!-- VideographyWP Plugin Message: Automatic video embedding prevented by plugin options. -->\n\n<p>A ra\u00edz de un llamado al 911 efectivos del comando de patrullas se hicieron presentes en la esquina de Espa\u00f1a y Catamarca, en barrio Mitre, donde estaba teniendo lugar una situaci\u00f3n de violencia. Al llegar al lugar se encontraron con vecinos enojados que quer\u00edan agredir a un muchacho de 22 a\u00f1os el cual ten\u00eda una herida sangrante en la cabeza puesto que momentos antes hab\u00eda sido golpeado con un palo met\u00e1lico azul por otro muchacho de 22 a\u00f1os.<\/p>\n\n\n\n<p>Al consultar lo ocurrido los testigos manifestaron que la victima de los golpes, antes de las agresiones, se habr\u00eda plantado frente a una se\u00f1ora de 51 a\u00f1os y baj\u00e1ndose los pantalones le mostr\u00f3 sus partes \u00edntimas, lo que suscit\u00f3 en la reacci\u00f3n violenta de un joven que acompa\u00f1aba a la mujer y la indignaci\u00f3n del resto de los vecinos. Tanto el presunto exhibicionista como el agresor fueron aprehendidos y trasladados a sede policial hasta que se aclare lo ocurrido.<\/p>\n\n\n\n<p>Fuente: <a href=\"https:\/\/diarioelnorte.com.ar\/nota?id_noticia=6964\">Diario El Norte<\/a><\/p>\n","protected":false},"excerpt":{"rendered":"<p>A ra\u00edz de un llamado al 911 efectivos del comando de patrullas se hicieron presentes en la esquina de Espa\u00f1a y Catamarca, en barrio Mitre, donde estaba teniendo lugar una situaci\u00f3n de violencia. Al llegar al lugar se encontraron con vecinos enojados que quer\u00edan agredir a un muchacho de 22 a\u00f1os el cual ten\u00eda una [&hellip;]<\/p>\n","protected":false},"author":4,"featured_media":77602,"comment_status":"open","ping_status":"closed","sticky":false,"template":"","format":"standard","meta":{"om_disable_all_campaigns":false,"_jetpack_memberships_contains_paid_content":false,"footnotes":""},"categories":[621],"tags":[197,681,714],"class_list":["post-77601","post","type-post","status-publish","format-standard","has-post-thumbnail","hentry","category-regionales","tag-buenos-aires","tag-regionales","tag-san-nicolas"],"aioseo_notices":[],"gutentor_comment":0,"jetpack_featured_media_url":"https:\/\/eldiariodesanpedro.com.ar\/sitio\/wp-content\/uploads\/2020\/07\/0-2-1.jpg","jetpack_shortlink":"https:\/\/wp.me\/p6RhLt-kbD","jetpack_sharing_enabled":true,"_links":{"self":[{"href":"https:\/\/eldiariodesanpedro.com.ar\/sitio\/wp-json\/wp\/v2\/posts\/77601","targetHints":{"allow":["GET"]}}],"collection":[{"href":"https:\/\/eldiariodesanpedro.com.ar\/sitio\/wp-json\/wp\/v2\/posts"}],"about":[{"href":"https:\/\/eldiariodesanpedro.com.ar\/sitio\/wp-json\/wp\/v2\/types\/post"}],"author":[{"embeddable":true,"href":"https:\/\/eldiariodesanpedro.com.ar\/sitio\/wp-json\/wp\/v2\/users\/4"}],"replies":[{"embeddable":true,"href":"https:\/\/eldiariodesanpedro.com.ar\/sitio\/wp-json\/wp\/v2\/comments?post=77601"}],"version-history":[{"count":1,"href":"https:\/\/eldiariodesanpedro.com.ar\/sitio\/wp-json\/wp\/v2\/posts\/77601\/revisions"}],"predecessor-version":[{"id":77603,"href":"https:\/\/eldiariodesanpedro.com.ar\/sitio\/wp-json\/wp\/v2\/posts\/77601\/revisions\/77603"}],"wp:featuredmedia":[{"embeddable":true,"href":"https:\/\/eldiariodesanpedro.com.ar\/sitio\/wp-json\/wp\/v2\/media\/77602"}],"wp:attachment":[{"href":"https:\/\/eldiariodesanpedro.com.ar\/sitio\/wp-json\/wp\/v2\/media?parent=77601"}],"wp:term":[{"taxonomy":"category","embeddable":true,"href":"https:\/\/eldiariodesanpedro.com.ar\/sitio\/wp-json\/wp\/v2\/categories?post=77601"},{"taxonomy":"post_tag","embeddable":true,"href":"https:\/\/eldiariodesanpedro.com.ar\/sitio\/wp-json\/wp\/v2\/tags?post=77601"}],"curies":[{"name":"wp","href":"https:\/\/api.w.org\/{rel}","templated":true}]}}