{"id":77598,"date":"2020-07-11T13:46:40","date_gmt":"2020-07-11T16:46:40","guid":{"rendered":"https:\/\/eldiariodesanpedro.com.ar\/sitio\/?p=77598"},"modified":"2020-07-11T13:46:41","modified_gmt":"2020-07-11T16:46:41","slug":"san-nicolas-le-robaron-persiguio-a-los-ladrones-y-tuvo-un-pre-infarto","status":"publish","type":"post","link":"https:\/\/eldiariodesanpedro.com.ar\/sitio\/san-nicolas-le-robaron-persiguio-a-los-ladrones-y-tuvo-un-pre-infarto\/","title":{"rendered":"SAN NICOL\u00c1S | Le robaron, persigui\u00f3 a los ladrones y tuvo un pre infarto"},"content":{"rendered":"<!-- VideographyWP Plugin Message: Automatic video embedding prevented by plugin options. -->\n\n<p>El hecho ocurri\u00f3 este viernes en zona sur de San Nicol\u00e1s. Dos ladrones asaltaron a un hombre de 56 a\u00f1os en barrio G\u00fcemes.<\/p>\n\n\n\n<p>Tras el robo, la v\u00edctima decidi\u00f3 perseguir a los delincuentes y los alcanz\u00f3 a la altura del puente 9 de Julio. En medio del forcejeo, el hombre sufri\u00f3 un pre infarto y los ladrones aprovecharon para escapar.<\/p>\n\n\n\n<p>La v\u00edctima fue trasladada al hospital San Felipe a los fines de recibir asistencia m\u00e9dica.<\/p>\n\n\n\n<p>Fuente: <a href=\"http:\/\/www.diarioelinformante.com.ar\/nota-58137_le-robaron-persigui-a-los-ladrones-y-tuvo-un-pre-infarto\">Diario El Informante<\/a><\/p>\n","protected":false},"excerpt":{"rendered":"<p>El hecho ocurri\u00f3 este viernes en zona sur de San Nicol\u00e1s. Dos ladrones asaltaron a un hombre de 56 a\u00f1os en barrio G\u00fcemes. Tras el robo, la v\u00edctima decidi\u00f3 perseguir a los delincuentes y los alcanz\u00f3 a la altura del puente 9 de Julio. En medio del forcejeo, el hombre sufri\u00f3 un pre infarto y [&hellip;]<\/p>\n","protected":false},"author":4,"featured_media":77599,"comment_status":"open","ping_status":"closed","sticky":false,"template":"","format":"standard","meta":{"om_disable_all_campaigns":false,"_jetpack_memberships_contains_paid_content":false,"footnotes":""},"categories":[621],"tags":[197,95,681,714],"class_list":["post-77598","post","type-post","status-publish","format-standard","has-post-thumbnail","hentry","category-regionales","tag-buenos-aires","tag-policiales","tag-regionales","tag-san-nicolas"],"aioseo_notices":[],"gutentor_comment":0,"jetpack_featured_media_url":"https:\/\/eldiariodesanpedro.com.ar\/sitio\/wp-content\/uploads\/2020\/07\/no_aq3q0axqb6qu189no_n9gwclkeoaxy1piupraveny_same2.jpg","jetpack_shortlink":"https:\/\/wp.me\/p6RhLt-kbA","jetpack_sharing_enabled":true,"_links":{"self":[{"href":"https:\/\/eldiariodesanpedro.com.ar\/sitio\/wp-json\/wp\/v2\/posts\/77598","targetHints":{"allow":["GET"]}}],"collection":[{"href":"https:\/\/eldiariodesanpedro.com.ar\/sitio\/wp-json\/wp\/v2\/posts"}],"about":[{"href":"https:\/\/eldiariodesanpedro.com.ar\/sitio\/wp-json\/wp\/v2\/types\/post"}],"author":[{"embeddable":true,"href":"https:\/\/eldiariodesanpedro.com.ar\/sitio\/wp-json\/wp\/v2\/users\/4"}],"replies":[{"embeddable":true,"href":"https:\/\/eldiariodesanpedro.com.ar\/sitio\/wp-json\/wp\/v2\/comments?post=77598"}],"version-history":[{"count":1,"href":"https:\/\/eldiariodesanpedro.com.ar\/sitio\/wp-json\/wp\/v2\/posts\/77598\/revisions"}],"predecessor-version":[{"id":77600,"href":"https:\/\/eldiariodesanpedro.com.ar\/sitio\/wp-json\/wp\/v2\/posts\/77598\/revisions\/77600"}],"wp:featuredmedia":[{"embeddable":true,"href":"https:\/\/eldiariodesanpedro.com.ar\/sitio\/wp-json\/wp\/v2\/media\/77599"}],"wp:attachment":[{"href":"https:\/\/eldiariodesanpedro.com.ar\/sitio\/wp-json\/wp\/v2\/media?parent=77598"}],"wp:term":[{"taxonomy":"category","embeddable":true,"href":"https:\/\/eldiariodesanpedro.com.ar\/sitio\/wp-json\/wp\/v2\/categories?post=77598"},{"taxonomy":"post_tag","embeddable":true,"href":"https:\/\/eldiariodesanpedro.com.ar\/sitio\/wp-json\/wp\/v2\/tags?post=77598"}],"curies":[{"name":"wp","href":"https:\/\/api.w.org\/{rel}","templated":true}]}}