{"id":77595,"date":"2020-07-11T13:35:05","date_gmt":"2020-07-11T16:35:05","guid":{"rendered":"https:\/\/eldiariodesanpedro.com.ar\/sitio\/?p=77595"},"modified":"2020-07-11T13:35:09","modified_gmt":"2020-07-11T16:35:09","slug":"capitan-sarmiento-matan-a-golpes-a-un-hombre-y-detuvieron-al-posible-asesino","status":"publish","type":"post","link":"https:\/\/eldiariodesanpedro.com.ar\/sitio\/capitan-sarmiento-matan-a-golpes-a-un-hombre-y-detuvieron-al-posible-asesino\/","title":{"rendered":"CAPIT\u00c1N SARMIENTO | Matan a golpes a un hombre y detuvieron al posible asesino"},"content":{"rendered":"<!-- VideographyWP Plugin Message: Automatic video embedding prevented by plugin options. -->\n\n<p>En la noche de este viernes la Polic\u00eda de Capit\u00e1n Sarmiento concurri\u00f3 a una vivienda ubicada en calle Col\u00f3n entre Cabo Fosatti y Rivadavia, de la vecina ciudad.<\/p>\n\n\n\n<p>En el interior de la misma encuentran a Edmundo V\u00edctor Correa desvanecido, presentando signos de haber recibido golpes en la zona craneana.<\/p>\n\n\n\n<p>La v\u00edctima fue trasladada al Hospital San Carlos, donde perdi\u00f3 la vida por la gravedad de las lesiones sufridas.<\/p>\n\n\n\n<p>Personal policial concret\u00f3 la aprehensi\u00f3n del posible autor del hecho, un mayor de edad el sexo masculino, y la incautaci\u00f3n del arma utilizada para cometer el crimen.<\/p>\n\n\n\n<p>El hecho fue caratulado como homicidio, con intervenci\u00f3n de la UFI 4 del Departamento Judicial de San Nicol\u00e1s.<\/p>\n\n\n\n<p>Fuente: <a href=\"https:\/\/arrecifesnoticias.com\/policiales\/matan-a-golpes-a-un-hombre-en-sarmiento\/\">Arrecifes Noticias<\/a><\/p>\n","protected":false},"excerpt":{"rendered":"<p>En la noche de este viernes la Polic\u00eda de Capit\u00e1n Sarmiento concurri\u00f3 a una vivienda ubicada en calle Col\u00f3n entre Cabo Fosatti y Rivadavia, de la vecina ciudad. En el interior de la misma encuentran a Edmundo V\u00edctor Correa desvanecido, presentando signos de haber recibido golpes en la zona craneana. La v\u00edctima fue trasladada al [&hellip;]<\/p>\n","protected":false},"author":4,"featured_media":77596,"comment_status":"open","ping_status":"closed","sticky":false,"template":"","format":"standard","meta":{"om_disable_all_campaigns":false,"_jetpack_memberships_contains_paid_content":false,"footnotes":""},"categories":[621],"tags":[197,1324,658,681],"class_list":["post-77595","post","type-post","status-publish","format-standard","has-post-thumbnail","hentry","category-regionales","tag-buenos-aires","tag-capitan-sarmiento","tag-homicidio","tag-regionales"],"aioseo_notices":[],"gutentor_comment":0,"jetpack_featured_media_url":"https:\/\/eldiariodesanpedro.com.ar\/sitio\/wp-content\/uploads\/2020\/07\/Hospital-San-Carlos-Sarmiento-714x510-2.jpg","jetpack_shortlink":"https:\/\/wp.me\/p6RhLt-kbx","jetpack_sharing_enabled":true,"_links":{"self":[{"href":"https:\/\/eldiariodesanpedro.com.ar\/sitio\/wp-json\/wp\/v2\/posts\/77595","targetHints":{"allow":["GET"]}}],"collection":[{"href":"https:\/\/eldiariodesanpedro.com.ar\/sitio\/wp-json\/wp\/v2\/posts"}],"about":[{"href":"https:\/\/eldiariodesanpedro.com.ar\/sitio\/wp-json\/wp\/v2\/types\/post"}],"author":[{"embeddable":true,"href":"https:\/\/eldiariodesanpedro.com.ar\/sitio\/wp-json\/wp\/v2\/users\/4"}],"replies":[{"embeddable":true,"href":"https:\/\/eldiariodesanpedro.com.ar\/sitio\/wp-json\/wp\/v2\/comments?post=77595"}],"version-history":[{"count":1,"href":"https:\/\/eldiariodesanpedro.com.ar\/sitio\/wp-json\/wp\/v2\/posts\/77595\/revisions"}],"predecessor-version":[{"id":77597,"href":"https:\/\/eldiariodesanpedro.com.ar\/sitio\/wp-json\/wp\/v2\/posts\/77595\/revisions\/77597"}],"wp:featuredmedia":[{"embeddable":true,"href":"https:\/\/eldiariodesanpedro.com.ar\/sitio\/wp-json\/wp\/v2\/media\/77596"}],"wp:attachment":[{"href":"https:\/\/eldiariodesanpedro.com.ar\/sitio\/wp-json\/wp\/v2\/media?parent=77595"}],"wp:term":[{"taxonomy":"category","embeddable":true,"href":"https:\/\/eldiariodesanpedro.com.ar\/sitio\/wp-json\/wp\/v2\/categories?post=77595"},{"taxonomy":"post_tag","embeddable":true,"href":"https:\/\/eldiariodesanpedro.com.ar\/sitio\/wp-json\/wp\/v2\/tags?post=77595"}],"curies":[{"name":"wp","href":"https:\/\/api.w.org\/{rel}","templated":true}]}}