{"id":77591,"date":"2020-07-11T13:30:26","date_gmt":"2020-07-11T16:30:26","guid":{"rendered":"https:\/\/eldiariodesanpedro.com.ar\/sitio\/?p=77591"},"modified":"2020-07-11T13:30:30","modified_gmt":"2020-07-11T16:30:30","slug":"bono-anses-todo-lo-que-hay-que-saber-sobre-el-tercer-pago-del-ife-de-10-000-pesos","status":"publish","type":"post","link":"https:\/\/eldiariodesanpedro.com.ar\/sitio\/bono-anses-todo-lo-que-hay-que-saber-sobre-el-tercer-pago-del-ife-de-10-000-pesos\/","title":{"rendered":"Bono ANSES: todo lo que hay que saber sobre el tercer pago del IFE de 10.000 pesos"},"content":{"rendered":"<!-- VideographyWP Plugin Message: Automatic video embedding prevented by plugin options. -->\n\n<p>El presidente Alberto Fern\u00e1ndez les anunci\u00f3 esta semana a los gobernadores de todo el pa\u00eds la extensi\u00f3n del Ingreso Familiar de Emergencia (IFE) de $10.000, el programa de ayuda para los trabajadores de la econom\u00eda informal y monotributistas de las categor\u00edas m\u00e1s bajas.<\/p>\n\n\n\n<p>Sucedi\u00f3 en una videoconferencia que lider\u00f3 el Jefe de Estado desde la Quinta de Olivos, en la que confirm\u00f3 que el tercer tramo del bono no s\u00f3lo ser\u00e1 para las \u00e1reas m\u00e1s afectadas por el coronavirus, como se hab\u00eda anunciado originalmente.<\/p>\n\n\n\n<p>La directora ejecutiva del organismo previsional,&nbsp;<strong>Fernanda Raverta<\/strong>, hab\u00eda adelantado que analizaban la posibilidad de ampliar la cantidad de regiones que ser\u00e1n incluidas en un tercer pago del IFE.<\/p>\n\n\n\n<p>A priori, la tercera ronda de la asignaci\u00f3n extraordinaria hab\u00eda sido anunciada pero con menos beneficiarios y limitada a regiones que volvieron a la Fase 1 de la cuarentena, como el \u00c1rea Metropolitana de Buenos Aires y Chaco, algo que ahora se revis\u00f3.<\/p>\n\n\n\n<p>En ese sentido, Raverta destac\u00f3 que la puesta en marcha del Ingreso Familiar de Emergencia (IFE) evit\u00f3 que \u201calrededor de tres millones\u201d de personas cayeran en la pobreza en medio de la crisis por el coronavirus y anticip\u00f3 que en los pr\u00f3ximos d\u00edas se conocer\u00e1 el nuevo calendario de pago.<\/p>\n\n\n\n<p>\u201cLa decisi\u00f3n del presidente Alberto Fern\u00e1ndez de implementar el IFE para ayudar a las familias argentinas en el marco de la pandemia por Covid-19 ha alcanzado un universo de casi nueve millones de personas y ha logrado que alrededor de tres millones no caigan en la pobreza\u201d, sostuvo la funcionaria nacional.<\/p>\n\n\n\n<p>En un comunicado, indic\u00f3: \u00abEstamos transcurriendo el segundo pago del IFE. En los pr\u00f3ximos d\u00edas vamos a anunciar desde Anses a los beneficiarios el calendario de pago\u00bb.<\/p>\n\n\n\n<p>\u201cVa a ser realizado al mismo universo de personas y con la modalidad del dep\u00f3sito en cuentas bancarias para evitar posibles estafas y cuidar, a la vez, la salud de todas y todos los argentinos\u201d, remarc\u00f3.La decisi\u00f3n del presidente Alberto Fern\u00e1ndez de implementar el IFE para ayudar a las familias argentinas en el marco de la pandemia por Covid-19 ha alcanzado un universo de casi nueve millones de personas y ha logrado que alrededor de tres millones no caigan en la pobreza<\/p>\n\n\n\n<p>La titular del organismo destac\u00f3 que la decisi\u00f3n del Presidente, quien firmar\u00e1 un nuevo decreto que instrumentar\u00e1 esta pol\u00edtica de ingresos para las familias argentinas que la est\u00e1n pasando mal en t\u00e9rminos econ\u00f3micos.<\/p>\n\n\n\n<p>\u00abEs la manera de mostrar que no s\u00f3lo Alberto Fern\u00e1ndez y el Gobierno cuidan a los argentinos y a las argentinas en materia de salud, sino que tambi\u00e9n los acompa\u00f1an en un momento tan complejo en t\u00e9rminos econ\u00f3micos\u00bb, apunt\u00f3 Raverta.<\/p>\n\n\n\n<p><strong>C\u00f3mo sigue el cronograma para la segunda tanda del IFE<\/strong><\/p>\n\n\n\n<p>El cronograma para estos beneficiarios, iniciado el 2 de julio pasado, se interrumpi\u00f3 durante este fin de semana largo con el objetivo de evitar que grandes cantidades de personas se concentren en cajeros autom\u00e1ticos en esos d\u00edas.<\/p>\n\n\n\n<figure class=\"wp-block-image size-large\"><img decoding=\"async\" width=\"768\" height=\"768\" data-attachment-id=\"77592\" data-permalink=\"https:\/\/eldiariodesanpedro.com.ar\/sitio\/bono-anses-todo-lo-que-hay-que-saber-sobre-el-tercer-pago-del-ife-de-10-000-pesos\/rcqjzrrghjeubbn6ck5f4hgxga\/\" data-orig-file=\"https:\/\/eldiariodesanpedro.com.ar\/sitio\/wp-content\/uploads\/2020\/07\/RCQJZRRGHJEUBBN6CK5F4HGXGA.jpeg\" data-orig-size=\"768,768\" data-comments-opened=\"1\" data-image-meta=\"{&quot;aperture&quot;:&quot;0&quot;,&quot;credit&quot;:&quot;&quot;,&quot;camera&quot;:&quot;&quot;,&quot;caption&quot;:&quot;&quot;,&quot;created_timestamp&quot;:&quot;0&quot;,&quot;copyright&quot;:&quot;&quot;,&quot;focal_length&quot;:&quot;0&quot;,&quot;iso&quot;:&quot;0&quot;,&quot;shutter_speed&quot;:&quot;0&quot;,&quot;title&quot;:&quot;&quot;,&quot;orientation&quot;:&quot;0&quot;}\" data-image-title=\"RCQJZRRGHJEUBBN6CK5F4HGXGA\" data-image-description=\"\" data-image-caption=\"\" data-large-file=\"https:\/\/eldiariodesanpedro.com.ar\/sitio\/wp-content\/uploads\/2020\/07\/RCQJZRRGHJEUBBN6CK5F4HGXGA.jpeg\" data-src=\"https:\/\/eldiariodesanpedro.com.ar\/sitio\/wp-content\/uploads\/2020\/07\/RCQJZRRGHJEUBBN6CK5F4HGXGA.jpeg\" alt=\"\" class=\"wp-image-77592 lazyload\" data-srcset=\"https:\/\/eldiariodesanpedro.com.ar\/sitio\/wp-content\/uploads\/2020\/07\/RCQJZRRGHJEUBBN6CK5F4HGXGA.jpeg 768w, https:\/\/eldiariodesanpedro.com.ar\/sitio\/wp-content\/uploads\/2020\/07\/RCQJZRRGHJEUBBN6CK5F4HGXGA-300x300.jpeg 300w, https:\/\/eldiariodesanpedro.com.ar\/sitio\/wp-content\/uploads\/2020\/07\/RCQJZRRGHJEUBBN6CK5F4HGXGA-150x150.jpeg 150w\" data-sizes=\"(max-width: 768px) 100vw, 768px\" src=\"data:image\/svg+xml;base64,PHN2ZyB3aWR0aD0iMSIgaGVpZ2h0PSIxIiB4bWxucz0iaHR0cDovL3d3dy53My5vcmcvMjAwMC9zdmciPjwvc3ZnPg==\" style=\"--smush-placeholder-width: 768px; --smush-placeholder-aspect-ratio: 768\/768;\" \/><\/figure>\n\n\n\n<p>\u201cEl dinero depositado en d\u00edas previos se mantendr\u00e1 en la cuenta de cada uno de los beneficiarios\u201d, record\u00f3 el organismo en un comunicado.<\/p>\n\n\n\n<p>El pago contin\u00faa sigue a partir del lunes 13 y hasta el 17 de este mes. El d\u00eda de pago est\u00e1 establecido por orden de n\u00famero de terminaci\u00f3n del DNI.<\/p>\n\n\n\n<p><strong>C\u00f3mo informar una CBU<\/strong><\/p>\n\n\n\n<p>Quienes no hayan informado a\u00fan una CBU pueden hacerlo ingresando en la p\u00e1gina web de la Anses, en la secci\u00f3n \u201cIngreso Familiar de Emergencia \u2013 Consulta de pago\u201d (www.anses.gob.ar\/ife). Tienen tiempo hasta el 17 de julio para hacerlo.<\/p>\n\n\n\n<p>Deber\u00e1n ingresar su n\u00famero de DNI y luego la web los derivar\u00e1 al portal Mi Anses, donde deber\u00e1n colocar el n\u00famero de CUIL y la Clave de Seguridad Social (en caso de no tener se puede tramitar la clave online).<\/p>\n\n\n\n<p>Una vez all\u00ed la persona deber\u00e1 confirmar -o modificar, si fuese necesario- sus datos de contacto: su n\u00famero de tel\u00e9fono celular y su correo electr\u00f3nico. Luego, la Anses le enviar\u00e1 un \u201cc\u00f3digo de verificaci\u00f3n\u201d a su mail, que deber\u00e1 copiar y pegarlo en la misma p\u00e1gina en la que est\u00e1 haciendo el tr\u00e1mite.<\/p>\n\n\n\n<p>A las personas que ya tengan una cuenta bancaria, la Anses les mostrar\u00e1 el n\u00famero de CBU, banco y sucursal donde se le depositar\u00e1 el IFE y, para quienes tengan dos o m\u00e1s cuentas, podr\u00e1n elegir en qu\u00e9 CBU, banco y sucursal se le depositar\u00e1 el dinero.<\/p>\n","protected":false},"excerpt":{"rendered":"<p>El presidente Alberto Fern\u00e1ndez les anunci\u00f3 esta semana a los gobernadores de todo el pa\u00eds la extensi\u00f3n del Ingreso Familiar de Emergencia (IFE) de $10.000, el programa de ayuda para los trabajadores de la econom\u00eda informal y monotributistas de las categor\u00edas m\u00e1s bajas. Sucedi\u00f3 en una videoconferencia que lider\u00f3 el Jefe de Estado desde la [&hellip;]<\/p>\n","protected":false},"author":4,"featured_media":77593,"comment_status":"open","ping_status":"closed","sticky":false,"template":"","format":"standard","meta":{"om_disable_all_campaigns":false,"_jetpack_memberships_contains_paid_content":false,"footnotes":""},"categories":[101,2],"tags":[197,33,19],"class_list":["post-77591","post","type-post","status-publish","format-standard","has-post-thumbnail","hentry","category-interes-general-locales","category-locales","tag-buenos-aires","tag-locales","tag-san-pedro"],"aioseo_notices":[],"gutentor_comment":0,"jetpack_featured_media_url":"https:\/\/eldiariodesanpedro.com.ar\/sitio\/wp-content\/uploads\/2020\/07\/ife.jpg","jetpack_shortlink":"https:\/\/wp.me\/p6RhLt-kbt","jetpack_sharing_enabled":true,"_links":{"self":[{"href":"https:\/\/eldiariodesanpedro.com.ar\/sitio\/wp-json\/wp\/v2\/posts\/77591","targetHints":{"allow":["GET"]}}],"collection":[{"href":"https:\/\/eldiariodesanpedro.com.ar\/sitio\/wp-json\/wp\/v2\/posts"}],"about":[{"href":"https:\/\/eldiariodesanpedro.com.ar\/sitio\/wp-json\/wp\/v2\/types\/post"}],"author":[{"embeddable":true,"href":"https:\/\/eldiariodesanpedro.com.ar\/sitio\/wp-json\/wp\/v2\/users\/4"}],"replies":[{"embeddable":true,"href":"https:\/\/eldiariodesanpedro.com.ar\/sitio\/wp-json\/wp\/v2\/comments?post=77591"}],"version-history":[{"count":1,"href":"https:\/\/eldiariodesanpedro.com.ar\/sitio\/wp-json\/wp\/v2\/posts\/77591\/revisions"}],"predecessor-version":[{"id":77594,"href":"https:\/\/eldiariodesanpedro.com.ar\/sitio\/wp-json\/wp\/v2\/posts\/77591\/revisions\/77594"}],"wp:featuredmedia":[{"embeddable":true,"href":"https:\/\/eldiariodesanpedro.com.ar\/sitio\/wp-json\/wp\/v2\/media\/77593"}],"wp:attachment":[{"href":"https:\/\/eldiariodesanpedro.com.ar\/sitio\/wp-json\/wp\/v2\/media?parent=77591"}],"wp:term":[{"taxonomy":"category","embeddable":true,"href":"https:\/\/eldiariodesanpedro.com.ar\/sitio\/wp-json\/wp\/v2\/categories?post=77591"},{"taxonomy":"post_tag","embeddable":true,"href":"https:\/\/eldiariodesanpedro.com.ar\/sitio\/wp-json\/wp\/v2\/tags?post=77591"}],"curies":[{"name":"wp","href":"https:\/\/api.w.org\/{rel}","templated":true}]}}