{"id":77587,"date":"2020-07-11T13:22:28","date_gmt":"2020-07-11T16:22:28","guid":{"rendered":"https:\/\/eldiariodesanpedro.com.ar\/sitio\/?p=77587"},"modified":"2020-07-11T13:22:32","modified_gmt":"2020-07-11T16:22:32","slug":"baradero-coronavirus-26-nuevos-casos-positivos-y-el-total-supero-los-100","status":"publish","type":"post","link":"https:\/\/eldiariodesanpedro.com.ar\/sitio\/baradero-coronavirus-26-nuevos-casos-positivos-y-el-total-supero-los-100\/","title":{"rendered":"BARADERO | Coronavirus: 26 nuevos casos positivos y el total super\u00f3 los 100"},"content":{"rendered":"<!-- VideographyWP Plugin Message: Automatic video embedding prevented by plugin options. -->\n\n<p>En la vecina localidad se informaron los nuevos 26 casos lo que da un total de 105 casos positivos y complica la situaci\u00f3n de la ciudad.<\/p>\n\n\n\n<p><em>\u00abBuenas noches a todos. Soy Soledad Gaetano, m\u00e9dica infect\u00f3loga del hospital y vamos a compartir el reporte diario.<\/em><\/p>\n\n\n\n<p><em>Hasta el momento ciento cinco personas de nuestra ciudad han dado positivas para coronavirus.<\/em><\/p>\n\n\n\n<p><em>De estas ciento cinco personas, sesenta y una se encuentran transitando la enfermedad en este momento.<\/em><\/p>\n\n\n\n<p><em>Este n\u00famero ha aumentado debido a que recibimos en el d\u00eda de la fecha veintid\u00f3s resultados, de los cuales catorce han sido positivos y ocho han sido negativos. Adem\u00e1s recibimos doce resultados positivos provenientes de laboratorios privados, de los cuales once son adultos mayores institucionalizados.<\/em><\/p>\n\n\n\n<p><em>En el d\u00eda de hoy se dio un alta sumando un total de treinta y nueve pacientes recuperados.<\/em><\/p>\n\n\n\n<p><em>Y tambi\u00e9n se activ\u00f3 el protocolo en ocho oportunidades. Por lo cual, sumado a los treinta y seis resultados pendientes, estamos a la espera de cuarenta y cuatro resultados.<\/em><\/p>\n\n\n\n<p><em>De las personas que han dado positivas para coronavirus e encuentran doce internadas en nuestro hospital. De esas doce, diez son adultos mayores y dos adultos. De los adultos mayores hay nueve que provienen de una instituci\u00f3n.<br>De aquellas que a\u00fan aguardan sus resultados, cinco son adultos mayores que permanecen internados en el hospital y de esos cinco, tres tambi\u00e9n provienen de una instituci\u00f3n.<\/em><\/p>\n\n\n\n<p><em>En el d\u00eda de hoy tambi\u00e9n debo decir que lamentablemente han fallecido dos personas, una de ellas un adulto mayor y la otra un adulto con co-morbilidades desde aqu\u00ed enviamos nuestras condolencias a ambas familias.<br>Bueno, quiero decirles que en estos d\u00edas estamos transitando por momentos dif\u00edciles en nuestra ciudad. Como ustedes ya saben en este momento contamos con dos residencias de adultos mayores que se encuentran bloqueadas. Quiero explicar lo que implica que una residencia est\u00e9 bloqueada. Esta medida se toma cuando en una residencia hay varios casos positivos ya sea el personal o los residentes o bien podr\u00eda ser que con un solo caso positivo. Pero el problema no es la cantidad de casos sino el tema que uno no puede establecer con certeza qui\u00e9nes son los contactos estrechos. Entonces al no poder definir a los contactos estrechos no sabemos a qui\u00e9n hay que aislar y si no sabemos a qui\u00e9n hay que aislar no sabemos qui\u00e9n puede estar infectado y qui\u00e9n no. <\/em><\/p>\n\n\n\n<p>E<em>ntonces, en este caso, como no se pueden determinar qui\u00e9nes son los contactos estrechos todos los agentes que pertenecen a la instituci\u00f3n ya sean los residentes como los trabajadores de la misma se consideran contactos estrechos. Y por lo tanto, todas esas personas tienen que someterse a aislamiento. Con respecto a los trabajadores del lugar, al tener que hacer aislamiento, esto implica que no puedan volver a su casa porque estar\u00edan en contacto con sus familiares con el riesgo de poder llegar a contagiarlos si alguno de ellos se hubiese contagiado. Por eso es que hemos tomado esta medida y que es bastante dif\u00edcil de sobrellevar para toda la gente que en este momento se encuentra trabajando en este lugar.<\/em><\/p>\n\n\n\n<p><em>En estos d\u00edas tambi\u00e9n hemos estado trabajando arduamente junto a todo el equipo de salud, junto a la gente de Desarrollo. Tambi\u00e9n hemos recibido la ayuda de las autoridades sanitarias de la Regi\u00f3n y entre todos hemos buscado la mejor manera de abordaje de una de las instituciones para poder obtener los mejores resultados que es que esos adultos mayores que requieran asistencia, es decir, que requieran ser internados en nuestro hospital, lo puedan hacer de una manera adecuada y que no se colapse el sistema de salud.<\/em><\/p>\n\n\n\n<p><em>Aprovecho para aclararles que hemos estado trabajando duramente con el municipio junto a las autoridades de la instituci\u00f3n y el municipio no solamente ha aportado estrategias para mejor abordaje a trav\u00e9s de la Regi\u00f3n Sanitaria sino tambi\u00e9n recursos y personal para poder salir adelante de esta situaci\u00f3n de la mejor manera posible. Sin m\u00e1s que decirles, les deseo buenas noches a todos\u00bb.<\/em><\/p>\n\n\n\n<p>Fuente: <a href=\"https:\/\/www.baraderoteinforma.com.ar\/coronavirus-26-nuevos-casos-positivos-y-el-total-supero-los-100\/\">Baradero Te informa<\/a><\/p>\n","protected":false},"excerpt":{"rendered":"<p>En la vecina localidad se informaron los nuevos 26 casos lo que da un total de 105 casos positivos y complica la situaci\u00f3n de la ciudad. \u00abBuenas noches a todos. Soy Soledad Gaetano, m\u00e9dica infect\u00f3loga del hospital y vamos a compartir el reporte diario. Hasta el momento ciento cinco personas de nuestra ciudad han dado [&hellip;]<\/p>\n","protected":false},"author":4,"featured_media":77589,"comment_status":"open","ping_status":"closed","sticky":false,"template":"","format":"standard","meta":{"om_disable_all_campaigns":false,"_jetpack_memberships_contains_paid_content":false,"footnotes":""},"categories":[621],"tags":[139,197,808,681],"class_list":["post-77587","post","type-post","status-publish","format-standard","has-post-thumbnail","hentry","category-regionales","tag-baradero","tag-buenos-aires","tag-coronavirus","tag-regionales"],"aioseo_notices":[],"gutentor_comment":0,"jetpack_featured_media_url":"https:\/\/eldiariodesanpedro.com.ar\/sitio\/wp-content\/uploads\/2020\/07\/Sin-t\u00edtulo-1-1.jpg","jetpack_shortlink":"https:\/\/wp.me\/p6RhLt-kbp","jetpack_sharing_enabled":true,"_links":{"self":[{"href":"https:\/\/eldiariodesanpedro.com.ar\/sitio\/wp-json\/wp\/v2\/posts\/77587","targetHints":{"allow":["GET"]}}],"collection":[{"href":"https:\/\/eldiariodesanpedro.com.ar\/sitio\/wp-json\/wp\/v2\/posts"}],"about":[{"href":"https:\/\/eldiariodesanpedro.com.ar\/sitio\/wp-json\/wp\/v2\/types\/post"}],"author":[{"embeddable":true,"href":"https:\/\/eldiariodesanpedro.com.ar\/sitio\/wp-json\/wp\/v2\/users\/4"}],"replies":[{"embeddable":true,"href":"https:\/\/eldiariodesanpedro.com.ar\/sitio\/wp-json\/wp\/v2\/comments?post=77587"}],"version-history":[{"count":1,"href":"https:\/\/eldiariodesanpedro.com.ar\/sitio\/wp-json\/wp\/v2\/posts\/77587\/revisions"}],"predecessor-version":[{"id":77590,"href":"https:\/\/eldiariodesanpedro.com.ar\/sitio\/wp-json\/wp\/v2\/posts\/77587\/revisions\/77590"}],"wp:featuredmedia":[{"embeddable":true,"href":"https:\/\/eldiariodesanpedro.com.ar\/sitio\/wp-json\/wp\/v2\/media\/77589"}],"wp:attachment":[{"href":"https:\/\/eldiariodesanpedro.com.ar\/sitio\/wp-json\/wp\/v2\/media?parent=77587"}],"wp:term":[{"taxonomy":"category","embeddable":true,"href":"https:\/\/eldiariodesanpedro.com.ar\/sitio\/wp-json\/wp\/v2\/categories?post=77587"},{"taxonomy":"post_tag","embeddable":true,"href":"https:\/\/eldiariodesanpedro.com.ar\/sitio\/wp-json\/wp\/v2\/tags?post=77587"}],"curies":[{"name":"wp","href":"https:\/\/api.w.org\/{rel}","templated":true}]}}