{"id":77585,"date":"2020-07-11T12:41:12","date_gmt":"2020-07-11T15:41:12","guid":{"rendered":"https:\/\/eldiariodesanpedro.com.ar\/sitio\/?p=77585"},"modified":"2020-07-11T12:41:15","modified_gmt":"2020-07-11T15:41:15","slug":"un-aprehendido-por-agresion-hacia-policias","status":"publish","type":"post","link":"https:\/\/eldiariodesanpedro.com.ar\/sitio\/un-aprehendido-por-agresion-hacia-policias\/","title":{"rendered":"Un aprehendido por agresi\u00f3n hacia polic\u00edas"},"content":{"rendered":"<!-- VideographyWP Plugin Message: Automatic video embedding prevented by plugin options. -->\n\n<p>En la localidad de R\u00edo Tala la polic\u00eda perteneciente al destacamento realiz\u00f3 la aprehensi\u00f3n de un joven por resistencia a la autoridad.<\/p>\n\n\n\n<p>Este viernes en la vecina localidad efectivos realizaron la aprehensi\u00f3n de un joven menor de edad que agredi\u00f3 al m\u00f3vil policial en calle Batalla el Tala arrojando elementos contundentes.<\/p>\n\n\n\n<p>Este muchacho momentos antes tambi\u00e9n habr\u00eda amenazado a un mujer mayor de edad en cercan\u00edas.<\/p>\n","protected":false},"excerpt":{"rendered":"<p>En la localidad de R\u00edo Tala la polic\u00eda perteneciente al destacamento realiz\u00f3 la aprehensi\u00f3n de un joven por resistencia a la autoridad. Este viernes en la vecina localidad efectivos realizaron la aprehensi\u00f3n de un joven menor de edad que agredi\u00f3 al m\u00f3vil policial en calle Batalla el Tala arrojando elementos contundentes. Este muchacho momentos antes [&hellip;]<\/p>\n","protected":false},"author":4,"featured_media":77561,"comment_status":"open","ping_status":"closed","sticky":false,"template":"","format":"standard","meta":{"om_disable_all_campaigns":false,"_jetpack_memberships_contains_paid_content":false,"footnotes":""},"categories":[2,103],"tags":[197,33,95,19],"class_list":["post-77585","post","type-post","status-publish","format-standard","has-post-thumbnail","hentry","category-locales","category-policiales-locales","tag-buenos-aires","tag-locales","tag-policiales","tag-san-pedro"],"aioseo_notices":[],"gutentor_comment":0,"jetpack_featured_media_url":"https:\/\/eldiariodesanpedro.com.ar\/sitio\/wp-content\/uploads\/2020\/07\/20200709072134.jpg","jetpack_shortlink":"https:\/\/wp.me\/p6RhLt-kbn","jetpack_sharing_enabled":true,"_links":{"self":[{"href":"https:\/\/eldiariodesanpedro.com.ar\/sitio\/wp-json\/wp\/v2\/posts\/77585","targetHints":{"allow":["GET"]}}],"collection":[{"href":"https:\/\/eldiariodesanpedro.com.ar\/sitio\/wp-json\/wp\/v2\/posts"}],"about":[{"href":"https:\/\/eldiariodesanpedro.com.ar\/sitio\/wp-json\/wp\/v2\/types\/post"}],"author":[{"embeddable":true,"href":"https:\/\/eldiariodesanpedro.com.ar\/sitio\/wp-json\/wp\/v2\/users\/4"}],"replies":[{"embeddable":true,"href":"https:\/\/eldiariodesanpedro.com.ar\/sitio\/wp-json\/wp\/v2\/comments?post=77585"}],"version-history":[{"count":1,"href":"https:\/\/eldiariodesanpedro.com.ar\/sitio\/wp-json\/wp\/v2\/posts\/77585\/revisions"}],"predecessor-version":[{"id":77586,"href":"https:\/\/eldiariodesanpedro.com.ar\/sitio\/wp-json\/wp\/v2\/posts\/77585\/revisions\/77586"}],"wp:featuredmedia":[{"embeddable":true,"href":"https:\/\/eldiariodesanpedro.com.ar\/sitio\/wp-json\/wp\/v2\/media\/77561"}],"wp:attachment":[{"href":"https:\/\/eldiariodesanpedro.com.ar\/sitio\/wp-json\/wp\/v2\/media?parent=77585"}],"wp:term":[{"taxonomy":"category","embeddable":true,"href":"https:\/\/eldiariodesanpedro.com.ar\/sitio\/wp-json\/wp\/v2\/categories?post=77585"},{"taxonomy":"post_tag","embeddable":true,"href":"https:\/\/eldiariodesanpedro.com.ar\/sitio\/wp-json\/wp\/v2\/tags?post=77585"}],"curies":[{"name":"wp","href":"https:\/\/api.w.org\/{rel}","templated":true}]}}