{"id":77583,"date":"2020-07-11T12:12:51","date_gmt":"2020-07-11T15:12:51","guid":{"rendered":"https:\/\/eldiariodesanpedro.com.ar\/sitio\/?p=77583"},"modified":"2020-07-11T12:12:58","modified_gmt":"2020-07-11T15:12:58","slug":"un-aprehendido-por-tentativa-de-robo-4","status":"publish","type":"post","link":"https:\/\/eldiariodesanpedro.com.ar\/sitio\/un-aprehendido-por-tentativa-de-robo-4\/","title":{"rendered":"Un aprehendido por tentativa de robo"},"content":{"rendered":"<!-- VideographyWP Plugin Message: Automatic video embedding prevented by plugin options. -->\n\n<p>En la jornada de este&nbsp; viernes se logr\u00f3 la aprehensi\u00f3n de un ciudadano en tentativa de robo.<\/p>\n\n\n\n<p>En la intersecci\u00f3n de las calles Emilio Frers&nbsp; y 56&nbsp; donde los efectivos policiales de nuestra ciudad lograron la aprehensi\u00f3n de un sujeto masculino mayor de edad quien intent\u00f3 sustraer la bater\u00eda de un cami\u00f3n previo forzar el candado del rodado el cual se encontraba en el interior de un predio donde funciona una chatarrer\u00eda.<\/p>\n","protected":false},"excerpt":{"rendered":"<p>En la jornada de este&nbsp; viernes se logr\u00f3 la aprehensi\u00f3n de un ciudadano en tentativa de robo. En la intersecci\u00f3n de las calles Emilio Frers&nbsp; y 56&nbsp; donde los efectivos policiales de nuestra ciudad lograron la aprehensi\u00f3n de un sujeto masculino mayor de edad quien intent\u00f3 sustraer la bater\u00eda de un cami\u00f3n previo forzar el [&hellip;]<\/p>\n","protected":false},"author":4,"featured_media":76955,"comment_status":"open","ping_status":"closed","sticky":false,"template":"","format":"standard","meta":{"om_disable_all_campaigns":false,"_jetpack_memberships_contains_paid_content":false,"footnotes":""},"categories":[2,103],"tags":[197,33,19,922],"class_list":["post-77583","post","type-post","status-publish","format-standard","has-post-thumbnail","hentry","category-locales","category-policiales-locales","tag-buenos-aires","tag-locales","tag-san-pedro","tag-tentativa-de-robo"],"aioseo_notices":[],"gutentor_comment":0,"jetpack_featured_media_url":"https:\/\/eldiariodesanpedro.com.ar\/sitio\/wp-content\/uploads\/2020\/06\/detenido-esposado.jpg","jetpack_shortlink":"https:\/\/wp.me\/p6RhLt-kbl","jetpack_sharing_enabled":true,"_links":{"self":[{"href":"https:\/\/eldiariodesanpedro.com.ar\/sitio\/wp-json\/wp\/v2\/posts\/77583","targetHints":{"allow":["GET"]}}],"collection":[{"href":"https:\/\/eldiariodesanpedro.com.ar\/sitio\/wp-json\/wp\/v2\/posts"}],"about":[{"href":"https:\/\/eldiariodesanpedro.com.ar\/sitio\/wp-json\/wp\/v2\/types\/post"}],"author":[{"embeddable":true,"href":"https:\/\/eldiariodesanpedro.com.ar\/sitio\/wp-json\/wp\/v2\/users\/4"}],"replies":[{"embeddable":true,"href":"https:\/\/eldiariodesanpedro.com.ar\/sitio\/wp-json\/wp\/v2\/comments?post=77583"}],"version-history":[{"count":1,"href":"https:\/\/eldiariodesanpedro.com.ar\/sitio\/wp-json\/wp\/v2\/posts\/77583\/revisions"}],"predecessor-version":[{"id":77584,"href":"https:\/\/eldiariodesanpedro.com.ar\/sitio\/wp-json\/wp\/v2\/posts\/77583\/revisions\/77584"}],"wp:featuredmedia":[{"embeddable":true,"href":"https:\/\/eldiariodesanpedro.com.ar\/sitio\/wp-json\/wp\/v2\/media\/76955"}],"wp:attachment":[{"href":"https:\/\/eldiariodesanpedro.com.ar\/sitio\/wp-json\/wp\/v2\/media?parent=77583"}],"wp:term":[{"taxonomy":"category","embeddable":true,"href":"https:\/\/eldiariodesanpedro.com.ar\/sitio\/wp-json\/wp\/v2\/categories?post=77583"},{"taxonomy":"post_tag","embeddable":true,"href":"https:\/\/eldiariodesanpedro.com.ar\/sitio\/wp-json\/wp\/v2\/tags?post=77583"}],"curies":[{"name":"wp","href":"https:\/\/api.w.org\/{rel}","templated":true}]}}