{"id":77581,"date":"2020-07-11T12:02:51","date_gmt":"2020-07-11T15:02:51","guid":{"rendered":"https:\/\/eldiariodesanpedro.com.ar\/sitio\/?p=77581"},"modified":"2020-07-11T12:02:55","modified_gmt":"2020-07-11T15:02:55","slug":"corti-podemos-ir-viendo-que-los-focos-comienzan-a-apagarse","status":"publish","type":"post","link":"https:\/\/eldiariodesanpedro.com.ar\/sitio\/corti-podemos-ir-viendo-que-los-focos-comienzan-a-apagarse\/","title":{"rendered":"Corti: \u201cPodemos ir viendo que los focos comienzan a apagarse\u201d"},"content":{"rendered":"<!-- VideographyWP Plugin Message: Automatic video embedding prevented by plugin options. -->\n\n<p>Lo destac\u00f3 el Sec. de Gobierno al comunicar que de 16 muestras enviadas, result\u00f3 positivo un caso hisopado en San Pedro, mientras que se contabilizan dos m\u00e1s hisopados en Caba y C\u00f3rdoba. En total ya son 85 los Covid positivos en la ciudad.<\/p>\n\n\n\n<p>En la noche del viernes las autoridades municipales brindaron una nueva conferencia de prensa en la que actualizaron los datos oficiales de la situaci\u00f3n sanitaria de la ciudad.<\/p>\n\n\n\n<p>El informe fue brindado por el Secretario de Gobierno Silvio Corti y el Secretario de Salud Dr. Guillermo Sancho.<\/p>\n\n\n\n<p>Antes de dar a conocer los nuevos n\u00fameros las autoridades resaltaron que la situaci\u00f3n en la ciudad est\u00e1 cambiando y las cifras aparecen por debajo del promedio advertido la semana anterior.<\/p>\n\n\n\n<p>\u201cPodemos ir viendo que los focos comienzan a apagarse y no hay por ahora un inicio de algun foco nuevo que nos preocupe como al principio\u201d, resalt\u00f3 el funcionario.<\/p>\n\n\n\n<p>\u201cEs evidente que da resultado el compromiso que asumi\u00f3 la gente\u201d, agreg\u00f3.<\/p>\n\n\n\n<p>\u201cEso hace que el virus no est\u00e9 circulando de manera ca\u00f3tica en San Pedro\u201d. \u201cHay que destacar el trabajo que se hizo sobre esos dos focos que tuvimos\u201d.<\/p>\n\n\n\n<p>Fuente: <a href=\"https:\/\/www.sanpedroinforma.com.ar\/nota\/123470\/sociedad\/corti-podemos-ir-viendo-que-los-focos-comienzan-a-apagarse.html\">San Pedro Informa<\/a><\/p>\n","protected":false},"excerpt":{"rendered":"<p>Lo destac\u00f3 el Sec. de Gobierno al comunicar que de 16 muestras enviadas, result\u00f3 positivo un caso hisopado en San Pedro, mientras que se contabilizan dos m\u00e1s hisopados en Caba y C\u00f3rdoba. En total ya son 85 los Covid positivos en la ciudad. En la noche del viernes las autoridades municipales brindaron una nueva conferencia [&hellip;]<\/p>\n","protected":false},"author":4,"featured_media":76905,"comment_status":"open","ping_status":"closed","sticky":false,"template":"","format":"standard","meta":{"om_disable_all_campaigns":false,"_jetpack_memberships_contains_paid_content":false,"footnotes":""},"categories":[101,2],"tags":[197,808,1686,33,19],"class_list":["post-77581","post","type-post","status-publish","format-standard","has-post-thumbnail","hentry","category-interes-general-locales","category-locales","tag-buenos-aires","tag-coronavirus","tag-corti","tag-locales","tag-san-pedro"],"aioseo_notices":[],"gutentor_comment":0,"jetpack_featured_media_url":"https:\/\/eldiariodesanpedro.com.ar\/sitio\/wp-content\/uploads\/2020\/06\/WhatsApp-Image-2020-06-29-at-20.38.11-1.jpeg","jetpack_shortlink":"https:\/\/wp.me\/p6RhLt-kbj","jetpack_sharing_enabled":true,"_links":{"self":[{"href":"https:\/\/eldiariodesanpedro.com.ar\/sitio\/wp-json\/wp\/v2\/posts\/77581","targetHints":{"allow":["GET"]}}],"collection":[{"href":"https:\/\/eldiariodesanpedro.com.ar\/sitio\/wp-json\/wp\/v2\/posts"}],"about":[{"href":"https:\/\/eldiariodesanpedro.com.ar\/sitio\/wp-json\/wp\/v2\/types\/post"}],"author":[{"embeddable":true,"href":"https:\/\/eldiariodesanpedro.com.ar\/sitio\/wp-json\/wp\/v2\/users\/4"}],"replies":[{"embeddable":true,"href":"https:\/\/eldiariodesanpedro.com.ar\/sitio\/wp-json\/wp\/v2\/comments?post=77581"}],"version-history":[{"count":1,"href":"https:\/\/eldiariodesanpedro.com.ar\/sitio\/wp-json\/wp\/v2\/posts\/77581\/revisions"}],"predecessor-version":[{"id":77582,"href":"https:\/\/eldiariodesanpedro.com.ar\/sitio\/wp-json\/wp\/v2\/posts\/77581\/revisions\/77582"}],"wp:featuredmedia":[{"embeddable":true,"href":"https:\/\/eldiariodesanpedro.com.ar\/sitio\/wp-json\/wp\/v2\/media\/76905"}],"wp:attachment":[{"href":"https:\/\/eldiariodesanpedro.com.ar\/sitio\/wp-json\/wp\/v2\/media?parent=77581"}],"wp:term":[{"taxonomy":"category","embeddable":true,"href":"https:\/\/eldiariodesanpedro.com.ar\/sitio\/wp-json\/wp\/v2\/categories?post=77581"},{"taxonomy":"post_tag","embeddable":true,"href":"https:\/\/eldiariodesanpedro.com.ar\/sitio\/wp-json\/wp\/v2\/tags?post=77581"}],"curies":[{"name":"wp","href":"https:\/\/api.w.org\/{rel}","templated":true}]}}