{"id":77520,"date":"2020-07-10T11:59:59","date_gmt":"2020-07-10T14:59:59","guid":{"rendered":"https:\/\/eldiariodesanpedro.com.ar\/sitio\/?p=77520"},"modified":"2020-07-10T12:00:03","modified_gmt":"2020-07-10T15:00:03","slug":"roban-bicicleta-en-un-patio-de-una-vivienda","status":"publish","type":"post","link":"https:\/\/eldiariodesanpedro.com.ar\/sitio\/roban-bicicleta-en-un-patio-de-una-vivienda\/","title":{"rendered":"Roban bicicleta en un patio de una vivienda"},"content":{"rendered":"<!-- VideographyWP Plugin Message: Automatic video embedding prevented by plugin options. -->\n\n<p>En la jornada de este jueves se recibi\u00f3 una denuncia de una mujer de 41 a\u00f1os de edad que sufri\u00f3 el robo de una bicicleta.<\/p>\n\n\n\n<p>El hecho ocurri\u00f3 en calle Nieto de Torres al 500 donde la mujer dej\u00f3 su bicicleta en un patio delantero del domicilio de donde autores ignorados sustraen una bicicleta tipo Mountain Bike de dama.<\/p>\n\n\n\n<p>Las fiscal\u00eda local toma intervenci\u00f3n para realizar las investigaciones necesaria.<\/p>\n","protected":false},"excerpt":{"rendered":"<p>En la jornada de este jueves se recibi\u00f3 una denuncia de una mujer de 41 a\u00f1os de edad que sufri\u00f3 el robo de una bicicleta. El hecho ocurri\u00f3 en calle Nieto de Torres al 500 donde la mujer dej\u00f3 su bicicleta en un patio delantero del domicilio de donde autores ignorados sustraen una bicicleta tipo [&hellip;]<\/p>\n","protected":false},"author":4,"featured_media":45394,"comment_status":"open","ping_status":"closed","sticky":false,"template":"","format":"standard","meta":{"om_disable_all_campaigns":false,"_jetpack_memberships_contains_paid_content":false,"footnotes":""},"categories":[2,103],"tags":[692,197,33,680,19],"class_list":["post-77520","post","type-post","status-publish","format-standard","has-post-thumbnail","hentry","category-locales","category-policiales-locales","tag-bicicleta","tag-buenos-aires","tag-locales","tag-robo","tag-san-pedro"],"aioseo_notices":[],"gutentor_comment":0,"jetpack_featured_media_url":"https:\/\/eldiariodesanpedro.com.ar\/sitio\/wp-content\/uploads\/2019\/01\/comisaria.jpg","jetpack_shortlink":"https:\/\/wp.me\/p6RhLt-kak","jetpack_sharing_enabled":true,"_links":{"self":[{"href":"https:\/\/eldiariodesanpedro.com.ar\/sitio\/wp-json\/wp\/v2\/posts\/77520","targetHints":{"allow":["GET"]}}],"collection":[{"href":"https:\/\/eldiariodesanpedro.com.ar\/sitio\/wp-json\/wp\/v2\/posts"}],"about":[{"href":"https:\/\/eldiariodesanpedro.com.ar\/sitio\/wp-json\/wp\/v2\/types\/post"}],"author":[{"embeddable":true,"href":"https:\/\/eldiariodesanpedro.com.ar\/sitio\/wp-json\/wp\/v2\/users\/4"}],"replies":[{"embeddable":true,"href":"https:\/\/eldiariodesanpedro.com.ar\/sitio\/wp-json\/wp\/v2\/comments?post=77520"}],"version-history":[{"count":1,"href":"https:\/\/eldiariodesanpedro.com.ar\/sitio\/wp-json\/wp\/v2\/posts\/77520\/revisions"}],"predecessor-version":[{"id":77521,"href":"https:\/\/eldiariodesanpedro.com.ar\/sitio\/wp-json\/wp\/v2\/posts\/77520\/revisions\/77521"}],"wp:featuredmedia":[{"embeddable":true,"href":"https:\/\/eldiariodesanpedro.com.ar\/sitio\/wp-json\/wp\/v2\/media\/45394"}],"wp:attachment":[{"href":"https:\/\/eldiariodesanpedro.com.ar\/sitio\/wp-json\/wp\/v2\/media?parent=77520"}],"wp:term":[{"taxonomy":"category","embeddable":true,"href":"https:\/\/eldiariodesanpedro.com.ar\/sitio\/wp-json\/wp\/v2\/categories?post=77520"},{"taxonomy":"post_tag","embeddable":true,"href":"https:\/\/eldiariodesanpedro.com.ar\/sitio\/wp-json\/wp\/v2\/tags?post=77520"}],"curies":[{"name":"wp","href":"https:\/\/api.w.org\/{rel}","templated":true}]}}